{"id":20437,"date":"2025-10-15T15:45:59","date_gmt":"2025-10-15T18:45:59","guid":{"rendered":"https:\/\/www.26notas.com.br\/blog\/?p=20437"},"modified":"2025-10-15T16:30:03","modified_gmt":"2025-10-15T19:30:03","slug":"cgjsp-provimento-cgj-no-44-2025-altera-a-redacao-do-subitem-35-a-1-da-secao-ii-do-capitulo-xiii-tomo-ii-das-normas-de-servico-da-corregedoria-geral-da-justica-para-aceitar-o-documento-provisorio","status":"publish","type":"post","link":"https:\/\/www.26notas.com.br\/blog\/?p=20437","title":{"rendered":"CGJ|SP: Provimento CGJ n\u00ba 44\/2025 (Altera a reda\u00e7\u00e3o do subitem 35.A.1 da Se\u00e7\u00e3o II do Cap\u00edtulo XIII, Tomo II, das Normas de Servi\u00e7o da Corregedoria Geral da Justi\u00e7a, para aceitar o Documento Provis\u00f3rio de Registro Nacional Migrat\u00f3rio (DPRNM) ou a Carteira de Registro Nacional Migrat\u00f3rio (CRNM), nos casos que especifica)"},"content":{"rendered":"<p style=\"text-align: center;\"><strong><img loading=\"lazy\" decoding=\"async\" class=\"alignnone wp-image-17525\" src=\"https:\/\/www.26notas.com.br\/blog\/wp-content\/uploads\/2017\/04\/Decis\u00e7\u00f5es-Corregedoria-Geral-da-Justi\u00e7a4.png\" alt=\"\" width=\"420\" height=\"270\" srcset=\"https:\/\/www.26notas.com.br\/blog\/wp-content\/uploads\/2017\/04\/Decis\u00e7\u00f5es-Corregedoria-Geral-da-Justi\u00e7a4.png 1157w, https:\/\/www.26notas.com.br\/blog\/wp-content\/uploads\/2017\/04\/Decis\u00e7\u00f5es-Corregedoria-Geral-da-Justi\u00e7a4-300x193.png 300w, https:\/\/www.26notas.com.br\/blog\/wp-content\/uploads\/2017\/04\/Decis\u00e7\u00f5es-Corregedoria-Geral-da-Justi\u00e7a4-1024x658.png 1024w, https:\/\/www.26notas.com.br\/blog\/wp-content\/uploads\/2017\/04\/Decis\u00e7\u00f5es-Corregedoria-Geral-da-Justi\u00e7a4-768x493.png 768w\" sizes=\"auto, (max-width: 420px) 100vw, 420px\" \/>\u00a0<\/strong><\/p>\n<p><strong>PROVIMENTO CGJ N\u00ba 44\/2025<\/strong><\/p>\n<p><strong>Altera a reda\u00e7\u00e3o do subitem 35.A.1 da Se\u00e7\u00e3o II do Cap\u00edtulo XIII, Tomo II, das Normas de Servi\u00e7o da Corregedoria Geral da Justi\u00e7a.<\/strong><\/p>\n<p>O Desembargador <strong>FRANCISCO LOUREIRO<\/strong>, Corregedor Geral da Justi\u00e7a do Estado de S\u00e3o Paulo, no uso de suas atribui\u00e7\u00f5es legais,<\/p>\n<p>CONSIDERANDO a edi\u00e7\u00e3o do Provimento CGJ n\u00ba 42\/2024;<\/p>\n<p>CONSIDERANDO o teor do of\u00edcio encaminhado pelo MM. Juiz de Direito do Setor Anexo de Atendimento de Crian\u00e7as e Adolescentes Solicitantes de Ref\u00fagio e V\u00edtimas Estrangeiras de Tr\u00e1fico Internacional de Pessoas, que trouxe novas informa\u00e7\u00f5es aos autos;<\/p>\n<p>CONSIDERANDO a necessidade de adequa\u00e7\u00e3o das Normas de Servi\u00e7o da Corregedoria Geral da Justi\u00e7a, a fim de que, para a pr\u00e1tica de atos notariais e de registro, a flexibiliza\u00e7\u00e3o da identidade civil alcance n\u00e3o apenas a pessoa solicitante de ref\u00fagio, mas tamb\u00e9m de asilo, de registro nacional migrat\u00f3rio, de reconhecimento de apatridia ou de acolhimento humanit\u00e1rio;<\/p>\n<p>CONSIDERANDO o decidido no Processo CG n\u00ba 2024\/00105587;<\/p>\n<p>Provimento CGJ n\u00ba 44\/2025<\/p>\n<p><strong>RESOLVE:<\/strong><\/p>\n<p>Art. 1\u00ba. Alterar o subitem 35.A.1 da Se\u00e7\u00e3o II do Cap\u00edtulo XIII, Tomo II, das Normas de Servi\u00e7o da Corregedoria Geral da Justi\u00e7a, que passar\u00e1 a ter a seguinte reda\u00e7\u00e3o:<\/p>\n<p><strong>35.A.1. A flexibiliza\u00e7\u00e3o da identifica\u00e7\u00e3o civil da pessoa solicitante de ref\u00fagio, de asilo, de reconhecimento de apatridia ou de acolhimento humanit\u00e1rio e outras formas de autoriza\u00e7\u00e3o de resid\u00eancia depende de apresenta\u00e7\u00e3o de Documento Provis\u00f3rio de Registro Nacional Migrat\u00f3rio (DPRNM) ou de Carteira de Registro Nacional Migrat\u00f3rio (CRNM).<\/strong><\/p>\n<p>Art. 2\u00ba. Este Provimento entrar\u00e1 em vigor na data de sua publica\u00e7\u00e3o.<\/p>\n<p>S\u00e3o Paulo, data registrada no sistema.<\/p>\n<p>FRANCISCO LOUREIRO<\/p>\n<p>Corregedor Geral da Justi\u00e7a<\/p>\n<p>Assinatura Eletr\u00f4nica<\/p>\n<p>(DEJESP de 15.10.2025 \u2013 SP)<\/p>\n<div id=\"icpbravoaccess_loaded\"><\/div>\n<div id=\"icpbravoaccess_loaded\"><\/div>\n<div id=\"icpbravoaccess_loaded\"><\/div>\n","protected":false},"excerpt":{"rendered":"<p>\u00a0 PROVIMENTO CGJ N\u00ba 44\/2025 Altera a reda\u00e7\u00e3o do subitem 35.A.1 da Se\u00e7\u00e3o II do Cap\u00edtulo XIII, Tomo II, das Normas de Servi\u00e7o da Corregedoria Geral da Justi\u00e7a. O Desembargador FRANCISCO LOUREIRO, Corregedor Geral da Justi\u00e7a do Estado de S\u00e3o Paulo, no uso de suas atribui\u00e7\u00f5es legais, CONSIDERANDO a edi\u00e7\u00e3o do Provimento CGJ n\u00ba 42\/2024; [&hellip;]<\/p>\n","protected":false},"author":4,"featured_media":0,"comment_status":"closed","ping_status":"open","sticky":false,"template":"","format":"standard","meta":{"footnotes":""},"categories":[7],"tags":[],"class_list":["post-20437","post","type-post","status-publish","format-standard","hentry","category-cgj-sao-paulo"],"_links":{"self":[{"href":"https:\/\/www.26notas.com.br\/blog\/index.php?rest_route=\/wp\/v2\/posts\/20437","targetHints":{"allow":["GET"]}}],"collection":[{"href":"https:\/\/www.26notas.com.br\/blog\/index.php?rest_route=\/wp\/v2\/posts"}],"about":[{"href":"https:\/\/www.26notas.com.br\/blog\/index.php?rest_route=\/wp\/v2\/types\/post"}],"author":[{"embeddable":true,"href":"https:\/\/www.26notas.com.br\/blog\/index.php?rest_route=\/wp\/v2\/users\/4"}],"replies":[{"embeddable":true,"href":"https:\/\/www.26notas.com.br\/blog\/index.php?rest_route=%2Fwp%2Fv2%2Fcomments&post=20437"}],"version-history":[{"count":3,"href":"https:\/\/www.26notas.com.br\/blog\/index.php?rest_route=\/wp\/v2\/posts\/20437\/revisions"}],"predecessor-version":[{"id":20440,"href":"https:\/\/www.26notas.com.br\/blog\/index.php?rest_route=\/wp\/v2\/posts\/20437\/revisions\/20440"}],"wp:attachment":[{"href":"https:\/\/www.26notas.com.br\/blog\/index.php?rest_route=%2Fwp%2Fv2%2Fmedia&parent=20437"}],"wp:term":[{"taxonomy":"category","embeddable":true,"href":"https:\/\/www.26notas.com.br\/blog\/index.php?rest_route=%2Fwp%2Fv2%2Fcategories&post=20437"},{"taxonomy":"post_tag","embeddable":true,"href":"https:\/\/www.26notas.com.br\/blog\/index.php?rest_route=%2Fwp%2Fv2%2Ftags&post=20437"}],"curies":[{"name":"wp","href":"https:\/\/api.w.org\/{rel}","templated":true}]}}