{"id":20378,"date":"2025-09-09T12:32:58","date_gmt":"2025-09-09T15:32:58","guid":{"rendered":"https:\/\/www.26notas.com.br\/blog\/?p=20378"},"modified":"2025-09-09T12:32:58","modified_gmt":"2025-09-09T15:32:58","slug":"cgjsp-comunicado-cg-no-726-2025-gratuidade-em-escrituras-publicas-inventario-partilha-divorcio-separacao-de-fato-e-extincao-de-uniao-estavel-declaracao-de-pobreza","status":"publish","type":"post","link":"https:\/\/www.26notas.com.br\/blog\/?p=20378","title":{"rendered":"CGJ|SP: Comunicado CG n\u00ba 726\/2025 \u2013 Gratuidade em escrituras p\u00fablicas \u2013 Invent\u00e1rio, partilha, div\u00f3rcio, separa\u00e7\u00e3o de fato e extin\u00e7\u00e3o de uni\u00e3o est\u00e1vel \u2013 Declara\u00e7\u00e3o de pobreza \u2013 Dever de cumprimento pelos Tabeli\u00e3es de Notas."},"content":{"rendered":"<p style=\"text-align: center;\"><img loading=\"lazy\" decoding=\"async\" class=\"alignnone wp-image-17525\" src=\"https:\/\/www.26notas.com.br\/blog\/wp-content\/uploads\/2017\/04\/Decis\u00e7\u00f5es-Corregedoria-Geral-da-Justi\u00e7a4.png\" alt=\"\" width=\"420\" height=\"270\" srcset=\"https:\/\/www.26notas.com.br\/blog\/wp-content\/uploads\/2017\/04\/Decis\u00e7\u00f5es-Corregedoria-Geral-da-Justi\u00e7a4.png 1157w, https:\/\/www.26notas.com.br\/blog\/wp-content\/uploads\/2017\/04\/Decis\u00e7\u00f5es-Corregedoria-Geral-da-Justi\u00e7a4-300x193.png 300w, https:\/\/www.26notas.com.br\/blog\/wp-content\/uploads\/2017\/04\/Decis\u00e7\u00f5es-Corregedoria-Geral-da-Justi\u00e7a4-1024x658.png 1024w, https:\/\/www.26notas.com.br\/blog\/wp-content\/uploads\/2017\/04\/Decis\u00e7\u00f5es-Corregedoria-Geral-da-Justi\u00e7a4-768x493.png 768w\" sizes=\"auto, (max-width: 420px) 100vw, 420px\" \/><\/p>\n<p><strong>COMUNICADO CG N\u00ba 726\/2025<\/strong><\/p>\n<p>Esp\u00e9cie: COMUNICADO<br \/>\nN\u00famero: 726\/2025<br \/>\nComarca: CAPITAL<\/p>\n<p><strong>COMUNICADO CG N\u00ba 726\/2025<\/strong><\/p>\n<p><strong>PROCESSO CG N\u00ba 2024\/113393 &#8211; S\u00c3O PAULO &#8211; CORREGEDORIA GERAL DA JUSTI\u00c7A DO ESTADO DE S\u00c3O PAULO.<\/strong><\/p>\n<p>O Corregedor Geral da Justi\u00e7a, no exerc\u00edcio de suas atribui\u00e7\u00f5es legais e normativas, DETERMINA aos Senhores Respons\u00e1veis pelas unidades dos servi\u00e7os extrajudiciais de notas ESTRITA ATEN\u00c7\u00c3O \u00e0 regra do art. 6.\u00ba da RESOLU\u00c7\u00c3O CNJ n.\u00ba 35, de 24 de abril de 2007, com a reda\u00e7\u00e3o que lhe atribuiu a RESOLU\u00c7\u00c3O CNJ n.\u00ba 571, de 26 de agosto de 2024, de acordo com a qual a GRATUIDADE prevista na norma adjetiva compreende as ESCRITURAS DE INVENT\u00c1RIO, PARTILHA, DIV\u00d3RCIO, SEPERA\u00c7\u00c3O DE FATO E EXTIN\u00c7\u00c3O DE UNI\u00c3O EST\u00c1VEL CONSENSUAIS.<\/p>\n<p>REFOR\u00c7A, ainda, os comandos do item 80 e do subitem 80.1. do Cap\u00edtulo XVI das NSCGJ, t. II, condicionando a GRATUIDADE simplesmente \u00e0 DECLARA\u00c7\u00c3O DE PROBREZA, a de impossibilidade de arcar com os emolumentos, nada importando que as partes estejam assistidas por advogado constitu\u00eddo. Eventual suspeita MOTIVADA a respeito da verossimilhan\u00e7a da declara\u00e7\u00e3o de pobreza deve ser submetida, ent\u00e3o por escrito, ao JU\u00cdZO CORREGEDOR PERMANENTE, para as provid\u00eancias pertinentes.<\/p>\n<p>ACENTUA, por fim, em conformidade com o subitem 1.2. do Cap\u00edtulo XVI das NSCGJ, t. II, que o TABELI\u00c3O DE NOTAS n\u00e3o pode negar-se a realizar atos pr\u00f3prios da fun\u00e7\u00e3o p\u00fablica notarial, salvo impedimento legal ou qualifica\u00e7\u00e3o notarial negativa, e que a INOBSERV\u00c2NCIA de prescri\u00e7\u00f5es legais ou normativas configura INFRA\u00c7\u00c3O DISCIPLINAR nos termos do art. 31, I, da Lei n.\u00ba 8.935\/1994.<\/p>\n<p>(DEJESP de 09.09.2025 \u2013 SP)<\/p>\n<div id=\"icpbravoaccess_loaded\"><\/div>\n","protected":false},"excerpt":{"rendered":"<p>COMUNICADO CG N\u00ba 726\/2025 Esp\u00e9cie: COMUNICADO N\u00famero: 726\/2025 Comarca: CAPITAL COMUNICADO CG N\u00ba 726\/2025 PROCESSO CG N\u00ba 2024\/113393 &#8211; S\u00c3O PAULO &#8211; CORREGEDORIA GERAL DA JUSTI\u00c7A DO ESTADO DE S\u00c3O PAULO. O Corregedor Geral da Justi\u00e7a, no exerc\u00edcio de suas atribui\u00e7\u00f5es legais e normativas, DETERMINA aos Senhores Respons\u00e1veis pelas unidades dos servi\u00e7os extrajudiciais de notas [&hellip;]<\/p>\n","protected":false},"author":4,"featured_media":0,"comment_status":"closed","ping_status":"open","sticky":false,"template":"","format":"standard","meta":{"footnotes":""},"categories":[7],"tags":[],"class_list":["post-20378","post","type-post","status-publish","format-standard","hentry","category-cgj-sao-paulo"],"_links":{"self":[{"href":"https:\/\/www.26notas.com.br\/blog\/index.php?rest_route=\/wp\/v2\/posts\/20378","targetHints":{"allow":["GET"]}}],"collection":[{"href":"https:\/\/www.26notas.com.br\/blog\/index.php?rest_route=\/wp\/v2\/posts"}],"about":[{"href":"https:\/\/www.26notas.com.br\/blog\/index.php?rest_route=\/wp\/v2\/types\/post"}],"author":[{"embeddable":true,"href":"https:\/\/www.26notas.com.br\/blog\/index.php?rest_route=\/wp\/v2\/users\/4"}],"replies":[{"embeddable":true,"href":"https:\/\/www.26notas.com.br\/blog\/index.php?rest_route=%2Fwp%2Fv2%2Fcomments&post=20378"}],"version-history":[{"count":1,"href":"https:\/\/www.26notas.com.br\/blog\/index.php?rest_route=\/wp\/v2\/posts\/20378\/revisions"}],"predecessor-version":[{"id":20379,"href":"https:\/\/www.26notas.com.br\/blog\/index.php?rest_route=\/wp\/v2\/posts\/20378\/revisions\/20379"}],"wp:attachment":[{"href":"https:\/\/www.26notas.com.br\/blog\/index.php?rest_route=%2Fwp%2Fv2%2Fmedia&parent=20378"}],"wp:term":[{"taxonomy":"category","embeddable":true,"href":"https:\/\/www.26notas.com.br\/blog\/index.php?rest_route=%2Fwp%2Fv2%2Fcategories&post=20378"},{"taxonomy":"post_tag","embeddable":true,"href":"https:\/\/www.26notas.com.br\/blog\/index.php?rest_route=%2Fwp%2Fv2%2Ftags&post=20378"}],"curies":[{"name":"wp","href":"https:\/\/api.w.org\/{rel}","templated":true}]}}