{"id":20376,"date":"2025-09-09T11:47:25","date_gmt":"2025-09-09T14:47:25","guid":{"rendered":"https:\/\/www.26notas.com.br\/blog\/?p=20376"},"modified":"2025-09-09T11:47:25","modified_gmt":"2025-09-09T14:47:25","slug":"2a-vrpsp-pedido-de-providencias-reclamacao-extrajudicial-escritura-publica-de-inventario-e-adjudicacao-alegacao-de-vicio-de-vontade-em-razao-de-deficit-cognitivo-da-out","status":"publish","type":"post","link":"https:\/\/www.26notas.com.br\/blog\/?p=20376","title":{"rendered":"2\u00aa VRP|SP: Pedido de provid\u00eancias \u2013 Reclama\u00e7\u00e3o extrajudicial \u2013 Escritura p\u00fablica de invent\u00e1rio e adjudica\u00e7\u00e3o \u2013 Alega\u00e7\u00e3o de v\u00edcio de vontade em raz\u00e3o de d\u00e9ficit cognitivo da outorgante \u2013 Pretens\u00e3o de anula\u00e7\u00e3o do ato e responsabiliza\u00e7\u00e3o funcional do tabeli\u00e3o \u2013 N\u00e3o comprovada irregularidade na lavratura da escritura \u2013 Not\u00e1rio que atestou a capacidade da signat\u00e1ria, assistida por advogado, tendo esta se manifestado de forma clara e l\u00facida \u2013 Responsabilidade funcional do not\u00e1rio n\u00e3o \u00e9 objetiva, mas depende de inobserv\u00e2ncia de deveres funcionais, o que n\u00e3o se verificou \u2013\u00a0Arquivamento determinado."},"content":{"rendered":"<p style=\"text-align: center;\"><img loading=\"lazy\" decoding=\"async\" class=\"alignnone size-full wp-image-17527\" src=\"https:\/\/www.26notas.com.br\/blog\/wp-content\/uploads\/2017\/04\/Decis\u00f5es-1\u00aa-e-2\u00aa-Varas-de-Registros-P\u00fablicos1-e1665518573183.png\" alt=\"\" width=\"420\" height=\"308\" srcset=\"https:\/\/www.26notas.com.br\/blog\/wp-content\/uploads\/2017\/04\/Decis\u00f5es-1\u00aa-e-2\u00aa-Varas-de-Registros-P\u00fablicos1-e1665518573183.png 420w, https:\/\/www.26notas.com.br\/blog\/wp-content\/uploads\/2017\/04\/Decis\u00f5es-1\u00aa-e-2\u00aa-Varas-de-Registros-P\u00fablicos1-e1665518573183-300x220.png 300w\" sizes=\"auto, (max-width: 420px) 100vw, 420px\" \/><\/p>\n<p data-start=\"114\" data-end=\"343\"><strong data-start=\"114\" data-end=\"152\">Processo 0033573-49.2025.8.26.0100<\/strong><br data-start=\"152\" data-end=\"155\" \/><strong data-start=\"155\" data-end=\"247\">Pedido de Provid\u00eancias &#8211; Reclama\u00e7\u00e3o do extrajudicial (formulada por usu\u00e1rios do servi\u00e7o)<\/strong><br data-start=\"247\" data-end=\"250\" \/><strong data-start=\"250\" data-end=\"299\">Corregedoria Geral da Justi\u00e7a &#8211; (&#8230;) e outro<\/strong><br data-start=\"299\" data-end=\"302\" \/><strong data-start=\"302\" data-end=\"343\">Juiz(a) de Direito: Marcelo Benacchio<\/strong><\/p>\n<p data-start=\"114\" data-end=\"343\"><strong data-start=\"302\" data-end=\"343\">Vistos.<\/strong><\/p>\n<p data-start=\"365\" data-end=\"638\">Trata-se de representa\u00e7\u00e3o formulada por N. V. D. S. M., encaminhada por meio da E. Corregedoria Geral da Justi\u00e7a, protestando contra supostas irregularidades na lavratura de Escritura P\u00fablica de Invent\u00e1rio e Adjudica\u00e7\u00e3o perante o (&#8230;) Tabelionato de Notas desta Capital.<\/p>\n<p data-start=\"640\" data-end=\"800\">Consta dos autos, em apertada s\u00edntese, que a Escritura P\u00fablica objeto da presente an\u00e1lise seria eivada de irregularidade em raz\u00e3o de alegado v\u00edcio de vontade.<\/p>\n<p data-start=\"802\" data-end=\"1183\">Sustenta a interessada que, \u00e0 \u00e9poca da pr\u00e1tica do ato notarial, apresentava d\u00e9ficits cognitivos que a teriam impossibilitado de compreender, de forma plena e adequada, tanto o conte\u00fado do instrumento firmado quanto as consequ\u00eancias jur\u00eddicas dele decorrentes, em especial no que se refere \u00e0 ren\u00fancia da heran\u00e7a em favor de indiv\u00edduo apontado como suposto companheiro da falecida.<\/p>\n<p data-start=\"1185\" data-end=\"1341\">Diante desse quadro, pleiteia a anula\u00e7\u00e3o do referido ato notarial, bem como a aplica\u00e7\u00e3o de penalidade funcional ao delegat\u00e1rio respons\u00e1vel pela serventia.<\/p>\n<p data-start=\"1343\" data-end=\"1478\">Os autos foram instru\u00eddos com os documentos de fls. 02\/47. Em especial, c\u00f3pia do indigitado instrumento p\u00fablico figura \u00e0s fls. 17\/21.<\/p>\n<p data-start=\"1480\" data-end=\"1598\">O Senhor Tabeli\u00e3o prestou esclarecimentos \u00e0s fls. 54\/68 e 86\/88, afirmando a higidez formal do instrumento notarial.<\/p>\n<p data-start=\"1600\" data-end=\"1718\">Instada a se manifestar, a Senhora Representante reiterou os termos de sua insurg\u00eancia inicial (fls. 72\/76 e 92\/94).<\/p>\n<p data-start=\"1720\" data-end=\"1945\">O Minist\u00e9rio P\u00fablico acompanhou o feito e ofertou parecer opinando pelo arquivamento dos autos, ante a inexist\u00eancia de ind\u00edcios de falha na presta\u00e7\u00e3o do servi\u00e7o ou il\u00edcito funcional por parte do Senhor Titular (fls. 97\/98).<\/p>\n<p data-start=\"1720\" data-end=\"1945\"><strong data-start=\"1952\" data-end=\"1984\">\u00c9 o breve relat\u00f3rio. Decido.<\/strong><\/p>\n<p data-start=\"1988\" data-end=\"2104\">Cuidam os autos de representa\u00e7\u00e3o formulada por N. V. D. S. M. em face do (&#8230;) Tabelionato de Notas desta Capital.<\/p>\n<p data-start=\"2106\" data-end=\"2256\">Sustenta a parte interessada que a Escritura P\u00fablica objeto da presente an\u00e1lise seria eivada de irregularidade em raz\u00e3o de alegado v\u00edcio de vontade.<\/p>\n<p data-start=\"2258\" data-end=\"2591\">Alega que, \u00e0 \u00e9poca da pr\u00e1tica do ato notarial, apresentava d\u00e9ficit cognitivo que a teria impossibilitado de compreender, de forma plena e adequada, tanto o conte\u00fado do instrumento firmado quanto as consequ\u00eancias jur\u00eddicas dele decorrentes, em especial no que tange \u00e0 ren\u00fancia da heran\u00e7a em favor de suposto companheiro da falecida.<\/p>\n<p data-start=\"2593\" data-end=\"2875\">Refor\u00e7a tal alega\u00e7\u00e3o com a juntada de laudo neuropsicol\u00f3gico elaborado em momento anterior \u00e0 lavratura da escritura, no qual j\u00e1 se atestava a exist\u00eancia de comprometimento cognitivo relevante, circunst\u00e2ncia que, em sua \u00f3tica, torna ainda mais evidente a nulidade do ato praticado.<\/p>\n<p data-start=\"2877\" data-end=\"3115\">Nesse contexto, a parte interessada argumenta que a responsabilidade do Senhor Tabeli\u00e3o n\u00e3o pode ser afastada, porquanto objetiva, bastando a constata\u00e7\u00e3o do dano vinculado ao exerc\u00edcio da atividade notarial para que reste caracterizada.<\/p>\n<p data-start=\"3117\" data-end=\"3425\">Assim, entende que caberia ao delegat\u00e1rio, no momento da lavratura da escritura, ter adotado as cautelas necess\u00e1rias e suficientes para aferir a plena capacidade de manifesta\u00e7\u00e3o de vontade da signat\u00e1ria, evitando, dessa forma, a formaliza\u00e7\u00e3o de um ato jur\u00eddico, em sua opini\u00e3o, marcado por v\u00edcio insan\u00e1vel.<\/p>\n<p data-start=\"3427\" data-end=\"3609\">Diante disso, pugna pela anula\u00e7\u00e3o da escritura p\u00fablica e pela responsabiliza\u00e7\u00e3o funcional do tabeli\u00e3o, em raz\u00e3o da suposta falha no cumprimento de seu dever de zelo e fiscaliza\u00e7\u00e3o.<\/p>\n<p data-start=\"3611\" data-end=\"3882\">De sua parte, o Senhor Not\u00e1rio veio aos autos para esclarecer que o contestado instrumento p\u00fablico n\u00e3o apresenta quaisquer erros ou v\u00edcios, estando regular em sua forma e conte\u00fado, havendo sido cumpridos todos os requisitos legais e normativos quando de sua elabora\u00e7\u00e3o.<\/p>\n<p data-start=\"3884\" data-end=\"4114\">Com efeito, declarou o Senhor Delegat\u00e1rio que, no momento da lavratura da escritura, em nenhum instante houve qualquer d\u00favida ou questionamento quanto \u00e0 capacidade civil das partes envolvidas, notadamente da Senhora Interessada.<\/p>\n<p data-start=\"4116\" data-end=\"4264\">Ressaltou que esta se encontrava devidamente assistida por advogado de sua confian\u00e7a, circunst\u00e2ncia que lhe conferia seguran\u00e7a jur\u00eddica adicional.<\/p>\n<p data-start=\"4266\" data-end=\"4466\">Referiu ainda que durante todo o procedimento, a interessada demonstrou plena lucidez e discernimento, manifestando-se de forma firme, clara e segura acerca do conte\u00fado do ato que estava praticando.<\/p>\n<p data-start=\"4468\" data-end=\"4816\">As declara\u00e7\u00f5es e atitudes por ela externadas, segundo o Delegat\u00e1rio, evidenciavam que compreendia integralmente tanto a natureza quanto as consequ\u00eancias jur\u00eddicas do instrumento p\u00fablico firmado, raz\u00e3o pela qual n\u00e3o se vislumbrou qualquer ind\u00edcio de incapacidade ou v\u00edcio de vontade que pudesse comprometer a higidez do neg\u00f3cio jur\u00eddico celebrado.<\/p>\n<p data-start=\"4818\" data-end=\"5009\">O Minist\u00e9rio P\u00fablico, por fim, opinou pelo arquivamento do feito, ante a inexist\u00eancia de ind\u00edcios de falha na presta\u00e7\u00e3o do servi\u00e7o ou il\u00edcito funcional por parte da serventia correicionada.<\/p>\n<p data-start=\"4818\" data-end=\"5009\"><strong data-start=\"5016\" data-end=\"5029\">Pois bem.<\/strong><\/p>\n<p data-start=\"5033\" data-end=\"5132\">De in\u00edcio, refa\u00e7o \u00e0 parte interessada as considera\u00e7\u00f5es quanto aos limites da atua\u00e7\u00e3o deste Ju\u00edzo.<\/p>\n<p data-start=\"5134\" data-end=\"5486\">A mat\u00e9ria posta em controv\u00e9rsia no bojo dos presentes autos \u00e9 objeto de aprecia\u00e7\u00e3o no limitado campo de atribui\u00e7\u00e3o desta Corregedoria Permanente, que desempenha, dentre outras atividades, a verifica\u00e7\u00e3o do cumprimento dos deveres e obriga\u00e7\u00f5es dos titulares de delega\u00e7\u00f5es afetas \u00e0 Corregedoria Permanente desta 2\u00aa Vara de Registros P\u00fablicos da Capital.<\/p>\n<p data-start=\"5488\" data-end=\"5714\">Nesse sentido, n\u00e3o se apura, neste expediente, a higidez dos neg\u00f3cios jur\u00eddicos aventados pelas partes, mas sim a correta atua\u00e7\u00e3o do Senhor Delegat\u00e1rio, em sua fun\u00e7\u00e3o de materializar e formalizar a vontade dos participantes.<\/p>\n<p data-start=\"5716\" data-end=\"5808\">Feitos tais esclarecimentos, passo a an\u00e1lise do m\u00e9rito administrativo da causa em espeque.<\/p>\n<p data-start=\"5810\" data-end=\"5966\">De in\u00edcio, cumpre sublinhar que a idade, isoladamente considerada, n\u00e3o constitui fator incapacitante dos indiv\u00edduos para a pr\u00e1tica dos atos da vida civil.<\/p>\n<p data-start=\"5968\" data-end=\"6184\">A legisla\u00e7\u00e3o p\u00e1tria n\u00e3o contempla, em nenhum de seus dispositivos, presun\u00e7\u00e3o de incapacidade fundada unicamente no crit\u00e9rio et\u00e1rio, raz\u00e3o pela qual n\u00e3o se pode estabelecer qualquer presun\u00e7\u00e3o jur\u00eddica nesse sentido.<\/p>\n<p data-start=\"6186\" data-end=\"6367\">A capacidade civil, como regra, permanece preservada enquanto n\u00e3o declarada ou restringida por decis\u00e3o judicial, de acordo com as hip\u00f3teses taxativamente previstas no ordenamento.<\/p>\n<p data-start=\"6369\" data-end=\"6505\">Dessa forma, n\u00e3o se pode confundir o simples avan\u00e7ar da idade com a aus\u00eancia de aptid\u00e3o legal para o exerc\u00edcio dos atos da vida civil.<\/p>\n<p data-start=\"6507\" data-end=\"6677\">Dentro dessa perspectiva, a aferi\u00e7\u00e3o da capacidade das partes no momento da lavratura do ato notarial constitui, de fato, fun\u00e7\u00e3o t\u00edpica e inerente ao mister do Not\u00e1rio.<\/p>\n<p data-start=\"6679\" data-end=\"6886\">Incumbe-lhe, com a devida dilig\u00eancia, observar as manifesta\u00e7\u00f5es de vontade, a coer\u00eancia das declara\u00e7\u00f5es prestadas e a seguran\u00e7a com que as partes se pronunciam no curso da formaliza\u00e7\u00e3o do neg\u00f3cio jur\u00eddico.<\/p>\n<p data-start=\"6888\" data-end=\"7262\">No caso em an\u00e1lise, afirma o Tabeli\u00e3o, com f\u00e9 p\u00fablica, que tais cuidados foram efetivamente observados, cabendo ressaltar que o ju\u00edzo de capacidade realizado pelo Not\u00e1rio est\u00e1 vinculado \u00e0s circunst\u00e2ncias concretas presenciadas durante a realiza\u00e7\u00e3o do ato, n\u00e3o podendo se basear em presun\u00e7\u00f5es externas ou em fatores que n\u00e3o se revelem no momento da pr\u00e1tica do ato jur\u00eddico.<\/p>\n<p data-start=\"7264\" data-end=\"7525\">Nesse sentido, importa destacar que a eventual condi\u00e7\u00e3o de incapacidade de uma das participantes, se existente, n\u00e3o poderia ser identificada pelo Not\u00e1rio e seus prepostos para al\u00e9m das medidas objetivas e cautelas ordinariamente exigidas pela fun\u00e7\u00e3o notarial.<\/p>\n<p data-start=\"7527\" data-end=\"7807\">A atua\u00e7\u00e3o do Delegat\u00e1rio se limita \u00e0 observa\u00e7\u00e3o das manifesta\u00e7\u00f5es externas de vontade e \u00e0 an\u00e1lise de sua congru\u00eancia e clareza, n\u00e3o lhe sendo poss\u00edvel adentrar em ju\u00edzos de ordem m\u00e9dica, psicol\u00f3gica ou pericial, os quais extrapolam a natureza e os limites da atividade notarial.<\/p>\n<p data-start=\"7809\" data-end=\"8071\">Assim, a verifica\u00e7\u00e3o da higidez da vontade, no \u00e2mbito da escritura, foi realizada dentro das balizas legais e t\u00e9cnicas que regem a fun\u00e7\u00e3o, n\u00e3o se podendo imputar ao Not\u00e1rio falha decorrente de eventual condi\u00e7\u00e3o subjetiva n\u00e3o detect\u00e1vel no momento da lavratura.<\/p>\n<p data-start=\"8073\" data-end=\"8280\">Noutro turno, destaco que a responsabilidade do Not\u00e1rio pelos atos praticados n\u00e3o \u00e9 objetiva, mas sim decorrente de eventual inobserv\u00e2ncia de seus deveres funcionais \u2014 o que n\u00e3o se apurou no presente caso.<\/p>\n<p data-start=\"8282\" data-end=\"8622\">Bem assim, \u00e0 luz dos esclarecimentos prestados, n\u00e3o verifico a ocorr\u00eancia de falha na presta\u00e7\u00e3o do servi\u00e7o extrajudicial, em especial na considera\u00e7\u00e3o de que o Senhor Titular logrou \u00eaxito em esclarecer que a lavratura do ato se deu em absoluta observ\u00e2ncia \u00e0s Normas de Servi\u00e7o da E. Corregedoria Geral da Justi\u00e7a e \u00e0 legisla\u00e7\u00e3o pertinente.<\/p>\n<p data-start=\"8624\" data-end=\"8813\">Portanto, reputo satisfat\u00f3rias as explica\u00e7\u00f5es apresentadas, n\u00e3o vislumbrando responsabilidade funcional apta a ensejar a instaura\u00e7\u00e3o de procedimento administrativo, no \u00e2mbito disciplinar.<\/p>\n<p data-start=\"8624\" data-end=\"8813\">Nessas condi\u00e7\u00f5es, \u00e0 m\u00edngua de provid\u00eancia cens\u00f3rio-disciplinar a ser adotada, determino o arquivamento dos autos.<\/p>\n<p data-start=\"8941\" data-end=\"9086\">Encaminhe-se c\u00f3pia desta decis\u00e3o, bem como de fls. 86\/98, \u00e0 Egr\u00e9gia Corregedoria Geral da Justi\u00e7a, por e-mail, servindo a presente como of\u00edcio.<\/p>\n<p data-start=\"9088\" data-end=\"9136\">Ci\u00eancia \u00e0 Delegat\u00e1ria e ao Minist\u00e9rio P\u00fablico.<\/p>\n<p data-start=\"9138\" data-end=\"9146\">P.I.C.<\/p>\n<p data-start=\"9148\" data-end=\"9160\">ADV: (&#8230;)<\/p>\n<p data-start=\"9148\" data-end=\"9160\">(DJEN de 09.09.2025 \u2013 SP)<\/p>\n<div id=\"icpbravoaccess_loaded\"><\/div>\n","protected":false},"excerpt":{"rendered":"<p>Processo 0033573-49.2025.8.26.0100Pedido de Provid\u00eancias &#8211; Reclama\u00e7\u00e3o do extrajudicial (formulada por usu\u00e1rios do servi\u00e7o)Corregedoria Geral da Justi\u00e7a &#8211; (&#8230;) e outroJuiz(a) de Direito: Marcelo Benacchio Vistos. Trata-se de representa\u00e7\u00e3o formulada por N. V. D. S. M., encaminhada por meio da E. Corregedoria Geral da Justi\u00e7a, protestando contra supostas irregularidades na lavratura de Escritura P\u00fablica de Invent\u00e1rio [&hellip;]<\/p>\n","protected":false},"author":4,"featured_media":0,"comment_status":"closed","ping_status":"open","sticky":false,"template":"","format":"standard","meta":{"footnotes":""},"categories":[19],"tags":[],"class_list":["post-20376","post","type-post","status-publish","format-standard","hentry","category-corregedoria-permanente-1a-e-2a-vara"],"_links":{"self":[{"href":"https:\/\/www.26notas.com.br\/blog\/index.php?rest_route=\/wp\/v2\/posts\/20376","targetHints":{"allow":["GET"]}}],"collection":[{"href":"https:\/\/www.26notas.com.br\/blog\/index.php?rest_route=\/wp\/v2\/posts"}],"about":[{"href":"https:\/\/www.26notas.com.br\/blog\/index.php?rest_route=\/wp\/v2\/types\/post"}],"author":[{"embeddable":true,"href":"https:\/\/www.26notas.com.br\/blog\/index.php?rest_route=\/wp\/v2\/users\/4"}],"replies":[{"embeddable":true,"href":"https:\/\/www.26notas.com.br\/blog\/index.php?rest_route=%2Fwp%2Fv2%2Fcomments&post=20376"}],"version-history":[{"count":1,"href":"https:\/\/www.26notas.com.br\/blog\/index.php?rest_route=\/wp\/v2\/posts\/20376\/revisions"}],"predecessor-version":[{"id":20377,"href":"https:\/\/www.26notas.com.br\/blog\/index.php?rest_route=\/wp\/v2\/posts\/20376\/revisions\/20377"}],"wp:attachment":[{"href":"https:\/\/www.26notas.com.br\/blog\/index.php?rest_route=%2Fwp%2Fv2%2Fmedia&parent=20376"}],"wp:term":[{"taxonomy":"category","embeddable":true,"href":"https:\/\/www.26notas.com.br\/blog\/index.php?rest_route=%2Fwp%2Fv2%2Fcategories&post=20376"},{"taxonomy":"post_tag","embeddable":true,"href":"https:\/\/www.26notas.com.br\/blog\/index.php?rest_route=%2Fwp%2Fv2%2Ftags&post=20376"}],"curies":[{"name":"wp","href":"https:\/\/api.w.org\/{rel}","templated":true}]}}