{"id":20285,"date":"2025-07-08T13:46:03","date_gmt":"2025-07-08T16:46:03","guid":{"rendered":"https:\/\/www.26notas.com.br\/blog\/?p=20285"},"modified":"2025-07-08T13:46:03","modified_gmt":"2025-07-08T16:46:03","slug":"csmsp-direito-registral-qualificacao-negativa-de-escritura-publica-de-venda-e-compra-com-desdobro-exigencias-relacionadas-a-especialidade-objetiva-e-subjetiva-necessida","status":"publish","type":"post","link":"https:\/\/www.26notas.com.br\/blog\/?p=20285","title":{"rendered":"CSM|SP: Direito registral \u2013 Qualifica\u00e7\u00e3o negativa de escritura p\u00fablica de venda e compra com desdobro \u2013 Exig\u00eancias relacionadas \u00e0 especialidade objetiva e subjetiva \u2013 Necessidade de conformidade entre t\u00edtulo, projeto de desdobro e matr\u00edcula \u2013 Inscri\u00e7\u00e3o cadastral divergente \u2013 Exig\u00eancia v\u00e1lida \u2013 Mitiga\u00e7\u00e3o quanto ao CPF de copropriet\u00e1ria e dispensa de certid\u00e3o sem pertin\u00eancia \u2013 Aus\u00eancia de requisitos m\u00ednimos impede o registro \u2013 Apela\u00e7\u00e3o desprovida."},"content":{"rendered":"<p style=\"text-align: center;\"><img loading=\"lazy\" decoding=\"async\" class=\"alignnone size-full wp-image-17524\" src=\"https:\/\/www.26notas.com.br\/blog\/wp-content\/uploads\/2017\/04\/Decis\u00e7\u00f5es-CSM1-e1665517214806.png\" alt=\"\" width=\"420\" height=\"225\" srcset=\"https:\/\/www.26notas.com.br\/blog\/wp-content\/uploads\/2017\/04\/Decis\u00e7\u00f5es-CSM1-e1665517214806.png 420w, https:\/\/www.26notas.com.br\/blog\/wp-content\/uploads\/2017\/04\/Decis\u00e7\u00f5es-CSM1-e1665517214806-300x161.png 300w\" sizes=\"auto, (max-width: 420px) 100vw, 420px\" \/><\/p>\n<p><strong>AC\u00d3RD\u00c3O<\/strong><\/p>\n<p>Vistos, relatados e discutidos estes autos de Apela\u00e7\u00e3o C\u00edvel n\u00ba 1019795-84.2024.8.26.0405, da Comarca de (&#8230;), em que \u00e9 apelante MARA APARECIDA ALVES DE ALMEIDA, \u00e9 apelado (&#8230;) OFICIAL DE REGISTRO DE IM\u00d3VEIS E ANEXOS DA COMARCA DE (&#8230;).<\/p>\n<p><strong>ACORDAM, <\/strong>em Conselho Superior da Magistratura do Tribunal de Justi\u00e7a de S\u00e3o Paulo, proferir a seguinte decis\u00e3o: &#8220;Negaram provimento \u00e0 apela\u00e7\u00e3o, v.u.&#8221;, de conformidade com o voto do Relator, que integra este ac\u00f3rd\u00e3o.<\/p>\n<p>O julgamento teve a participa\u00e7\u00e3o dos Exmos. Desembargadores FERNANDO TORRES GARCIA (PRESIDENTE TRIBUNAL DE JUSTI\u00c7A) (Presidente), BERETTA DA SILVEIRA (VICE PRESIDENTE), VICO MA\u00d1AS (DECANO), TORRES DE CARVALHO(PRES. SE\u00c7\u00c3O DE DIREITO P\u00daBLICO), HERALDO DE OLIVEIRA (PRES. SE\u00c7\u00c3O DE DIREITO PRIVADO) E CAMARGO ARANHA FILHO(PRES. SE\u00c7\u00c3O DE DIREITO CRIMINAL).<\/p>\n<p>S\u00e3o Paulo, 26 de junho de 2025.<\/p>\n<p><strong>FRANCISCO LOUREIRO<\/strong><\/p>\n<p><strong>Corregedor Geral da Justi\u00e7a e Relator<\/strong><\/p>\n<p><strong>APELA\u00c7\u00c3O C\u00cdVEL n\u00ba 1019795-84.2024.8.26.0405<\/strong><\/p>\n<p><strong>Apelante: Mara Aparecida Alves de Almeida<\/strong><\/p>\n<p><strong>Apelado: (&#8230;) Oficial de Registro de Im\u00f3veis e Anexos da Comarca de (&#8230;)<\/strong><\/p>\n<p><strong><u>VOTO N\u00ba 43.838<\/u><\/strong><\/p>\n<p><strong>Direito registral \u2013 Apela\u00e7\u00e3o \u2013 Registro de im\u00f3veis \u2013 Improvimento.<\/strong><\/p>\n<p><strong>I. Caso em Exame<\/strong><\/p>\n<p>1. Apela\u00e7\u00e3o interposta contra senten\u00e7a que manteve parcialmente a qualifica\u00e7\u00e3o negativa \u00e0 escritura p\u00fablica de venda e compra e desdobro de im\u00f3vel. A apelante busca a reforma da senten\u00e7a para permitir o registro do t\u00edtulo, alegando que adquiriu direitos sobre parte de um lote e providenciou desdobro e escritura p\u00fablica, enfrentando exig\u00eancias do registro de im\u00f3veis.<\/p>\n<p><strong>II. Quest\u00e3o em Discuss\u00e3o<\/strong><\/p>\n<p>2. A quest\u00e3o em discuss\u00e3o consiste em determinar se as exig\u00eancias feitas pelo Oficial de Registro de Im\u00f3veis para a qualifica\u00e7\u00e3o do t\u00edtulo s\u00e3o pertinentes, especialmente aquelas relacionadas aos princ\u00edpios da especialidade objetiva e subjetiva.<\/p>\n<p><strong>III. Raz\u00f5es de Decidir<\/strong><\/p>\n<p>3. As exig\u00eancias de retifica\u00e7\u00e3o do memorial descritivo e da inscri\u00e7\u00e3o cadastral s\u00e3o pertinentes para garantir a conformidade com o princ\u00edpio da especialidade objetiva.<\/p>\n<p><strong>IV. Dispositivo e Tese<\/strong><\/p>\n<p>4. Recurso desprovido. Tese de julgamento: 1. A conformidade do t\u00edtulo com os princ\u00edpios da especialidade objetiva \u00e9 essencial para o registro. 2. Exig\u00eancias sem rela\u00e7\u00e3o direta com o t\u00edtulo podem ser afastadas.<\/p>\n<p><strong>Legisla\u00e7\u00e3o Citada:<\/strong><\/p>\n<p>Lei 6.015\/73, art. 225.<\/p>\n<p>Trata-se de apela\u00e7\u00e3o interposta por <strong>MARA APARECIDA ALVES DE ALMEIDA <\/strong>em face da r.Senten\u00e7a de fls. 60\/63, proferida pelo MM. Juiz Corregedor Permanente do (&#8230;) Oficial de Registro de Im\u00f3veis de (&#8230;), que, em procedimento de d\u00favida, manteve parcialmente a qualifica\u00e7\u00e3o negativa da escritura p\u00fablica de venda e compra relativa ao im\u00f3vel objeto da matr\u00edcula 19.614 da Serventia, afastando a exig\u00eancia da apresenta\u00e7\u00e3o do CPF de Ivani de Jesus, mas mantendo os demais \u00f3bices.<\/p>\n<p>O recurso busca a reforma da senten\u00e7a, com o objetivo de permitir o ingresso do t\u00edtulo ao f\u00f3lio real. Alega que adquiriu os direitos sobre parte do lote 31 da quadra 70 do Jardim das Flores, em 12 de setembro de 1997 de Roberto Madureira e sua esposa Ivani de Jesus F\u00e9lix Madureira, por meio de contrato de compra e venda, tendo providenciado o desdobro e a escritura p\u00fablica junto ao 4\u00ba Tabeli\u00e3o de Notas de (&#8230;), levando o t\u00edtulo para registro numa primeira oportunidade (protocolo 404.073), este foi devolvido em 12 de janeiro de 2023, com exig\u00eancias, reapresentando o t\u00edtulo em 23 de abril de 2024 (protocolo 429.814), quando feitas novas exig\u00eancias que n\u00e3o constaram na nota de devolu\u00e7\u00e3o anterior. A exig\u00eancia da qualifica\u00e7\u00e3o das partes \u00e9 inoportuna, pois o Tabeli\u00e3o procedeu \u00e0 identifica\u00e7\u00e3o ao tempo da lavratura da escritura, assim como a identifica\u00e7\u00e3o do im\u00f3vel (parte) e desdobro autorizado pela Prefeitura de (&#8230;). Aponta ser desnecess\u00e1ria a apresenta\u00e7\u00e3o da certid\u00e3o de nascimento de &#8220;Maria das Gra\u00e7as&#8221;, assim como reconhecimento de firma do vendedor Roberto Madureira, pois este j\u00e1 \u00e9 falecido desde 25.05.2005 e h\u00e1 escritura p\u00fablica. Quanto \u00e0 autenticidade da assinatura do funcion\u00e1rio Fernando C\u00e9sar Portela Netto que assinou documento emitido pela Prefeitura (fl. 22), h\u00e1 carimbo e assinatura pela atual profissional respons\u00e1vel pela Secretaria do Munic\u00edpio no lado superior direito (fls. 85\/90).<\/p>\n<p>A Douta Procuradoria Geral de Justi\u00e7a opinou pelo improvimento do recurso (fls. 122\/124)<\/p>\n<p>\u00c9 o relat\u00f3rio.<\/p>\n<p>A apela\u00e7\u00e3o n\u00e3o merece provimento.<\/p>\n<p>De acordo com os autos, a apelante apresentou ao Oficial de Registro de Im\u00f3veis de (&#8230;) uma escritura p\u00fablica de venda e compra e requerimento, acompanhado de projeto, para desdobro e subdivis\u00e3o do im\u00f3vel objeto da matr\u00edcula 19.614 da Serventia, conforme previsto no Cap. XX, itens 24.2 e 65 das NSCGJSP.<\/p>\n<p>Os t\u00edtulos foram objeto de tr\u00eas prenota\u00e7\u00f5es (n\u00ba 404.073, 429.814 e 434.815), a \u00faltima com as seguintes exig\u00eancias:<\/p>\n<blockquote><p>1. Apresentar em protocolo separado o projeto de desdobro, com todos os documentos nos originais e aprovado pela municipalidade local.<\/p>\n<p>Procedendo \u00e0 pr\u00e9via an\u00e1lise do projeto, solicito:<\/p>\n<p>a) retificar o memorial descritivo para constar: i) a descri\u00e7\u00e3o da situa\u00e7\u00e3o atual da matr\u00edcula 19.614; ii) nas descri\u00e7\u00f5es pretendidas que se trata de um terreno constitu\u00eddo por parte do lote 31 da quadra 70 do Jardim das Flores.<\/p>\n<p>b) conforme AV. 5 da matr\u00edcula 19.614, foi constru\u00edda uma casa residencial sob o n\u00ba 703, portanto, retificar os documentos para identificar a respectiva constru\u00e7\u00e3o, bem como indicar na descri\u00e7\u00e3o pretendida a qual ser\u00e1 atribu\u00edda. Obs: nos documentos consta o im\u00f3vel sob n\u00ba 715, caso tenha ocorrido a altera\u00e7\u00e3o do n\u00famero, apresentar o comunicado.<\/p>\n<p>c) Retificar os documentos para constar o n\u00famero correto da inscri\u00e7\u00e3o cadastral do im\u00f3vel;<\/p>\n<p>d) A descri\u00e7\u00e3o constante no memorial dever\u00e1 estar em conformidade com o memorial descritivo;<\/p>\n<p>e) Reconhecer firma das assinaturas constantes na ART n. 060120161997031;<\/p>\n<p>f) Em virtude da falta do sinal p\u00fablico de Fernando C\u00e9sar Portella Netto, solicito o of\u00edcio com a respectiva nomea\u00e7\u00e3o e assinatura comprovando o sinal p\u00fablico.<\/p>\n<p>2. Retificar a escritura para constar:<\/p>\n<p>a) exig\u00eancia prejudicada<\/p>\n<p>b) o CPF\/MF de Ivani de Jesus;<\/p>\n<p>c) A descri\u00e7\u00e3o do im\u00f3vel objeto conforme o projeto de desdobro.<\/p>\n<p>3. Solicito a juntada de Certid\u00e3o de Nascimento de Maria das Gra\u00e7as atualizada, no original ou em c\u00f3pia autenticada. Obs. Sendo a certid\u00e3o expedida por Cart\u00f3rio de localidade diversa desta Comarca, reconhecer firma da assinatura do escrevente em Tabeli\u00e3o local ou na Comarca de origem, nos termos do item 154 do Cap\u00edtulo XVI das Normas de Servi\u00e7o da Corregedoria Geral da Justi\u00e7a.<\/p><\/blockquote>\n<p>Segundo o Oficial, as exig\u00eancias est\u00e3o fundamentadas no art. 225, <em>caput<\/em>, \u00a7\u00a7 (&#8230;) e 2\u00ba da Lei 6.015\/73, al\u00e9m do item 136 do Cap. XX das NSCGJ, relacionadas ao princ\u00edpio da especialidade objetiva.<\/p>\n<p>Pois bem.<\/p>\n<p>A matr\u00edcula 19.614 do (&#8230;) RI de (&#8230;) oferece a seguinte descri\u00e7\u00e3o do im\u00f3vel:<\/p>\n<blockquote><p><em>&#8220;um terreno constitu\u00eddo pelo lote n\u00ba 31 da quadra 70 do Jardim das Flores, nesta cidade, medindo 10,00m de frente para a Rua Vit\u00f3ria Regia e 11,00 m de frente para a Rua Eloendro, de quem da rua Vit\u00f3ria Regia olha de frente para o terreno mede do lado direito 36,00 me do lado esquerdo 28.50, encerrando a \u00e1rea total de 316,00m\u00b2, confronta de quem da rua Vit\u00f3ria R\u00e9gia olha de frente para o terreno, no lado direito com o lote 30, no lado esquerdo com o lote 32, da mesma quadra 70, e nos fundos com a rua Eloendro, de propriedade de Mendel Aronis e outros.&#8221;<\/em><\/p><\/blockquote>\n<p>Na Av. 5\/19.614 consta que:<\/p>\n<blockquote><p><em>&#8220;No im\u00f3vel matriculado foi constru\u00edda uma casa residencial sob n\u00ba 703, com frente para a Rua Vit\u00f3ria Regia, conforme escritura supra citada e certid\u00e3o da Prefeitura local n\u00ba 1.461, de 19.3.80.&#8221;<\/em><\/p><\/blockquote>\n<p>Como j\u00e1 dito, as exig\u00eancias est\u00e3o fundamentadas na necessidade de cumprimento aos princ\u00edpios da especialidade objetiva e subjetiva.<\/p>\n<p>A primeira exig\u00eancia diz respeito \u00e0 necessidade de constar a correta descri\u00e7\u00e3o do im\u00f3vel no t\u00edtulo (escritura p\u00fablica), bem ainda no projeto de desdobro, nos termos do item 60, a.2, Cap. XVI das NSCGJ e art. 225 da Lei 6.015\/73.<\/p>\n<p>No caso, a escritura p\u00fablica de fls. 14\/17 descreve o im\u00f3vel como <em>&#8220;um terreno, constitu\u00eddo por parte do lote n\u00ba 31 da quadra n\u00ba 70 do Jardim das Flores, nesta cidade e 1\u00aa Circunscri\u00e7\u00e3o Imobili\u00e1ria local, mediando 11,00 metros de frente para a Rua Eloendro, na posi\u00e7\u00e3o de quem da citada Rua Eloendro olha para o terreno; pelo lado esquerdo mede 15,90 metros da frente aos fundos, confrontando com o lote 30 pelo lado direito mede 11.40 metros, tamb\u00e9m da frente aos fundos, confrontando com o lote 32, tendo nos fundos a largura de 10,00 metros, confrontando com o remanescente do mesmo lote 31, encerrando a \u00e1rea total de 140,00 metros quadrados&#8221;.<\/em><\/p>\n<p>A descri\u00e7\u00e3o destoa do que consta no memorial descritivo e certid\u00e3o apresentados (fls. 22\/24), pois n\u00e3o h\u00e1 a indica\u00e7\u00e3o da localiza\u00e7\u00e3o da numera\u00e7\u00e3o e da constru\u00e7\u00e3o da casa residencial, tampouco sua atribui\u00e7\u00e3o a quaisquer dos lotes desdobrados, constru\u00e7\u00e3o que j\u00e1 se encontra averbada junto \u00e0 matr\u00edcula e que n\u00e3o pode ser ignorada pelo Registrador, sob pena de ofensa ao princ\u00edpio da especialidade objetiva, de modo que pertinente a exig\u00eancia de retifica\u00e7\u00e3o contida no item 1 &#8220;a&#8221; e &#8220;b&#8221;.<\/p>\n<p>A inscri\u00e7\u00e3o cadastral constante no memorial e certid\u00e3o de fls. 22\/24 \u00e9 diferente da inscri\u00e7\u00e3o cadastral do documento de fl. 27, o que torna pertinente, portanto, a exig\u00eancia de corre\u00e7\u00e3o do n\u00famero da inscri\u00e7\u00e3o cadastral.<\/p>\n<p>Por outro lado, o ART n. 06012016997031 de fl. 24 aponta que houve reconhecimento da firma do profissional em 30 de abril de 2024, sendo o que basta para a regularidade do documento e afastamento do \u00f3bice.<\/p>\n<p>No que diz respeito ao sinal p\u00fablico, a exig\u00eancia est\u00e1 contida na Se\u00e7\u00e3o VII, Cap\u00edtulo XVI das NSCGJ:<\/p>\n<blockquote><p><em>&#8220;154. Os documentos de outras localidades, p\u00fablicos ou particulares, referidos nos atos notariais, dever\u00e3o ter suas firmas reconhecidas na comarca de origem ou naquela em que ir\u00e3o produzir seus efeitos, salvo os assinados judicialmente, observado o disposto no item 26, e seus subitens, do Cap\u00edtulo XIII.&#8221;<\/em><\/p><\/blockquote>\n<p>Destaca-se que relativamente ao documento de fl. 22, tratando-se de certid\u00e3o da Prefeitura de (&#8230;) emitida no exerc\u00edcio de 1997, mostra-se razo\u00e1vel que o sinal seja exigido da <strong>atual <\/strong>Secret\u00e1ria de Governo ou da Autoridade\/respons\u00e1vel pela confirma\u00e7\u00e3o da autenticidade do documento.<\/p>\n<p>Quanto \u00e0s exig\u00eancias relacionadas ao cumprimento da especialidade subjetiva, j\u00e1 foram elas levantadas pelo Oficial.<\/p>\n<p>Muito embora a exig\u00eancia de identifica\u00e7\u00e3o do CPF esteja prevista no item 45, Cap. XVI das NSCGJSP, na situa\u00e7\u00e3o dos autos inexiste d\u00favida quanto \u00e0 identifica\u00e7\u00e3o dos vendedores e, n\u00e3o sendo raro marido e mulher utilizarem-se do mesmo CPF \u00e0 \u00e9poca, poss\u00edvel a mitiga\u00e7\u00e3o da exig\u00eancia, dispensando-se a comprova\u00e7\u00e3o do CPF de Ivani de Jesus F\u00e9lix Madureira.<\/p>\n<p>Adverte-se que os itens 61 e 61.1, Cap. XX das NSCGJ estabelecem como requisito indispens\u00e1vel ao registro a qualifica\u00e7\u00e3o do propriet\u00e1rio, especialmente a prova do estado civil, o que parece ser a exig\u00eancia com rela\u00e7\u00e3o \u00e0 qualifica\u00e7\u00e3o da apelante, adquirente do im\u00f3vel.<\/p>\n<p>Por fim, a exig\u00eancia de certid\u00e3o de nascimento de &#8220;Maria das Gra\u00e7as&#8221; \u00e9 mesmo inoportuna e n\u00e3o tem cabimento ao caso, pois a pessoa de Maria das Gra\u00e7as n\u00e3o consta no t\u00edtulo submetido \u00e0 qualifica\u00e7\u00e3o e tudo indica ter sido um erro material na confec\u00e7\u00e3o da nota devolutiva.<\/p>\n<p>Neste cen\u00e1rio, apesar da possibilidade de afastamento de algumas exig\u00eancias, permanecem aquelas relacionadas \u00e0 regulariza\u00e7\u00e3o da documenta\u00e7\u00e3o atinente \u00e0 compatibilidade da descri\u00e7\u00e3o do im\u00f3vel no t\u00edtulo\/documentos e a matr\u00edcula, de modo que, n\u00e3o sendo poss\u00edvel a qualifica\u00e7\u00e3o positiva do t\u00edtulo em sua integralidade, remanesce a proced\u00eancia da d\u00favida e, por consequ\u00eancia, o improvimento do apelo.<\/p>\n<p>Ante o exposto, pelo meu voto <strong>NEGO PROVIMENTO <\/strong>\u00e0 apela\u00e7\u00e3o.<\/p>\n<p><strong>FRANCISCO LOUREIRO<\/strong><\/p>\n<p><strong>Corregedor Geral da Justi\u00e7a e Relator <\/strong><\/p>\n<p>(DJe de 07.07.2025 \u2013 SP)<\/p>\n","protected":false},"excerpt":{"rendered":"<p>AC\u00d3RD\u00c3O Vistos, relatados e discutidos estes autos de Apela\u00e7\u00e3o C\u00edvel n\u00ba 1019795-84.2024.8.26.0405, da Comarca de (&#8230;), em que \u00e9 apelante MARA APARECIDA ALVES DE ALMEIDA, \u00e9 apelado (&#8230;) OFICIAL DE REGISTRO DE IM\u00d3VEIS E ANEXOS DA COMARCA DE (&#8230;). ACORDAM, em Conselho Superior da Magistratura do Tribunal de Justi\u00e7a de S\u00e3o Paulo, proferir a seguinte [&hellip;]<\/p>\n","protected":false},"author":4,"featured_media":0,"comment_status":"closed","ping_status":"open","sticky":false,"template":"","format":"standard","meta":{"footnotes":""},"categories":[37],"tags":[],"class_list":["post-20285","post","type-post","status-publish","format-standard","hentry","category-csm-sao-paulo"],"_links":{"self":[{"href":"https:\/\/www.26notas.com.br\/blog\/index.php?rest_route=\/wp\/v2\/posts\/20285","targetHints":{"allow":["GET"]}}],"collection":[{"href":"https:\/\/www.26notas.com.br\/blog\/index.php?rest_route=\/wp\/v2\/posts"}],"about":[{"href":"https:\/\/www.26notas.com.br\/blog\/index.php?rest_route=\/wp\/v2\/types\/post"}],"author":[{"embeddable":true,"href":"https:\/\/www.26notas.com.br\/blog\/index.php?rest_route=\/wp\/v2\/users\/4"}],"replies":[{"embeddable":true,"href":"https:\/\/www.26notas.com.br\/blog\/index.php?rest_route=%2Fwp%2Fv2%2Fcomments&post=20285"}],"version-history":[{"count":1,"href":"https:\/\/www.26notas.com.br\/blog\/index.php?rest_route=\/wp\/v2\/posts\/20285\/revisions"}],"predecessor-version":[{"id":20286,"href":"https:\/\/www.26notas.com.br\/blog\/index.php?rest_route=\/wp\/v2\/posts\/20285\/revisions\/20286"}],"wp:attachment":[{"href":"https:\/\/www.26notas.com.br\/blog\/index.php?rest_route=%2Fwp%2Fv2%2Fmedia&parent=20285"}],"wp:term":[{"taxonomy":"category","embeddable":true,"href":"https:\/\/www.26notas.com.br\/blog\/index.php?rest_route=%2Fwp%2Fv2%2Fcategories&post=20285"},{"taxonomy":"post_tag","embeddable":true,"href":"https:\/\/www.26notas.com.br\/blog\/index.php?rest_route=%2Fwp%2Fv2%2Ftags&post=20285"}],"curies":[{"name":"wp","href":"https:\/\/api.w.org\/{rel}","templated":true}]}}