{"id":20196,"date":"2025-04-29T15:21:31","date_gmt":"2025-04-29T18:21:31","guid":{"rendered":"https:\/\/www.26notas.com.br\/blog\/?p=20196"},"modified":"2025-04-29T15:21:31","modified_gmt":"2025-04-29T18:21:31","slug":"csmsp-registro-de-imoveis-apelacao-civel-adjudicacao-compulsoria-extrajudicial-impugnacao-fundamentada-apresentada-pelos-proprietarios-alegacoes-de-ilicitude","status":"publish","type":"post","link":"https:\/\/www.26notas.com.br\/blog\/?p=20196","title":{"rendered":"CSM|SP: Registro de Im\u00f3veis \u2013 Apela\u00e7\u00e3o C\u00edvel \u2013 Adjudica\u00e7\u00e3o compuls\u00f3ria extrajudicial \u2013 Impugna\u00e7\u00e3o fundamentada apresentada pelos propriet\u00e1rios \u2013 Alega\u00e7\u00f5es de ilicitude na contrata\u00e7\u00e3o \u2013 Item 471 das NSCGJ \u2013 Inviabilidade de aprecia\u00e7\u00e3o do m\u00e9rito pelo Oficial \u2013 Compet\u00eancia exclusiva do Judici\u00e1rio \u2013 Prosseguimento obstru\u00eddo \u2013 Recurso desprovido."},"content":{"rendered":"<p><img loading=\"lazy\" decoding=\"async\" class=\"alignnone size-full wp-image-17524 aligncenter\" src=\"https:\/\/www.26notas.com.br\/blog\/wp-content\/uploads\/2017\/04\/Decis\u00e7\u00f5es-CSM1-e1665517214806.png\" alt=\"\" width=\"420\" height=\"225\" srcset=\"https:\/\/www.26notas.com.br\/blog\/wp-content\/uploads\/2017\/04\/Decis\u00e7\u00f5es-CSM1-e1665517214806.png 420w, https:\/\/www.26notas.com.br\/blog\/wp-content\/uploads\/2017\/04\/Decis\u00e7\u00f5es-CSM1-e1665517214806-300x161.png 300w\" sizes=\"auto, (max-width: 420px) 100vw, 420px\" \/><\/p>\n<p><strong>AC\u00d3RD\u00c3O<\/strong><\/p>\n<p>Vistos, relatados e discutidos estes autos de Apela\u00e7\u00e3o C\u00edvel n\u00ba 1179578-57.2024.8.26.0100, da Comarca de S\u00e3o Paulo, em que \u00e9 apelante FACAM IM\u00d3VEIS S\/A, s\u00e3o apelados ANDRE IANOVICH, MARIA ARISTIDES IANOVICH e 9\u00ba OFICIAL DE REGISTRO DE IM\u00d3VEIS DA COMARCA DA CAPITAL.<\/p>\n<p><strong>ACORDAM, <\/strong>em Conselho Superior da Magistratura do Tribunal de Justi\u00e7a de S\u00e3o Paulo, proferir a seguinte decis\u00e3o: &#8220;Negaram provimento \u00e0 apela\u00e7\u00e3o, v.u.&#8221;, de conformidade com o voto do Relator, que integra este ac\u00f3rd\u00e3o.<\/p>\n<p>O julgamento teve a participa\u00e7\u00e3o dos Exmos. Desembargadores FERNANDO TORRES GARCIA (PRESIDENTE TRIBUNAL DE JUSTI\u00c7A) (Presidente), BERETTA DA SILVEIRA (VICE PRESIDENTE), VICO MA\u00d1AS (DECANO), TORRES DE CARVALHO(PRES. SE\u00c7\u00c3O DE DIREITO P\u00daBLICO), HERALDO DE OLIVEIRA (PRES. SE\u00c7\u00c3O DE DIREITO PRIVADO) E CAMARGO ARANHA FILHO(PRES. SE\u00c7\u00c3O DE DIREITO CRIMINAL).<\/p>\n<p>S\u00e3o Paulo, 10 de abril de 2025.<\/p>\n<p><strong>FRANCISCO LOUREIRO<\/strong><\/p>\n<p><strong>Corregedor Geral da Justi\u00e7a e Relator<\/strong><\/p>\n<p><strong>APELA\u00c7\u00c3O C\u00cdVEL n\u00ba 1179578-57.2024.8.26.0100<\/strong><\/p>\n<p><strong>Apelante: Facam Im\u00f3veis S\/A<\/strong><\/p>\n<p><strong>Apelados: Andre Ianovich, Maria Aristides Ianovich e 9\u00ba Oficial de Registro de Im\u00f3veis da Comarca da Capital<\/strong><\/p>\n<p><strong><u>VOTO N\u00ba 43.757<\/u><\/strong><\/p>\n<p><strong>Direito civil \u2013 Apela\u00e7\u00e3o \u2013 Adjudica\u00e7\u00e3o compuls\u00f3ria extrajudicial \u2013 Recurso desprovido.<\/strong><\/p>\n<p><strong>I. Caso em Exame<\/strong><\/p>\n<p>Apela\u00e7\u00e3o interposta contra senten\u00e7a que manteve a recusa do Oficial de Registro de Im\u00f3veis em prosseguir com procedimento de adjudica\u00e7\u00e3o compuls\u00f3ria extrajudicial de im\u00f3vel. A apelante alega que as impugna\u00e7\u00f5es dos propriet\u00e1rios n\u00e3o se sustentam, pedindo a reforma da senten\u00e7a para prosseguimento do procedimento.<\/p>\n<p><strong>II. Quest\u00e3o em Discuss\u00e3o<\/strong><\/p>\n<p>A quest\u00e3o em discuss\u00e3o consiste em determinar se a impugna\u00e7\u00e3o apresentada pelos propriet\u00e1rios do im\u00f3vel \u00e9 suficiente para impedir o prosseguimento do procedimento de adjudica\u00e7\u00e3o compuls\u00f3ria extrajudicial.<\/p>\n<p><strong>III. Raz\u00f5es de Decidir<\/strong><\/p>\n<p>O item 471 do Cap\u00edtulo XX das NSCGJ estabelece que o Oficial de Registro deve indeferir o pedido se a impugna\u00e7\u00e3o for fundada.<\/p>\n<p>A impugna\u00e7\u00e3o dos propriet\u00e1rios, alegando diversas ilicitudes na contrata\u00e7\u00e3o, \u00e9 minimamente fundada, impedindo a continuidade do procedimento na esfera administrativa.<\/p>\n<p><strong>IV. Dispositivo e Tese<\/strong><\/p>\n<p>Recurso desprovido.<\/p>\n<p>Tese de julgamento: &#8220;1. A impugna\u00e7\u00e3o fundamentada impede o prosseguimento do procedimento de adjudica\u00e7\u00e3o compuls\u00f3ria extrajudicial. 2. Quest\u00f5es de m\u00e9rito da impugna\u00e7\u00e3o devem ser resolvidas na via judicial&#8221;.<\/p>\n<p><strong>Legisla\u00e7\u00e3o Citada:<\/strong><\/p>\n<p>&#8211; Lei n\u00ba 6.015\/73, art. 216-B, \u00a7 1\u00ba, IV.<\/p>\n<p><strong>Jurisprud\u00eancia Citada<\/strong>:<\/p>\n<p>&#8211; CSM\/SP, apela\u00e7\u00e3o n\u00ba 1013408-63.2023.8.26.0510, Rel. Des. Francisco Loureiro, j. em 27\/11\/2024.<\/p>\n<p>&#8211; CSM\/SP, apela\u00e7\u00e3o n\u00ba 1001285-66.2020.8.26.0048, Rel. Des. Torres Garcia, j. em 6\/11\/2023.<\/p>\n<p>&#8211; CSM\/SP, apela\u00e7\u00e3o n\u00ba 1118113-23.2019.8.26.0100, Rel. Des. Ricardo Anafe, j. em 15\/5\/2020.<\/p>\n<p>Trata-se de apela\u00e7\u00e3o interposta por Facam Im\u00f3veis S\/A contra a r. senten\u00e7a de fls. 153\/157, proferida pela MM. Ju\u00edza Corregedora Permanente do 9\u00ba Registro de Im\u00f3veis da Capital, que manteve a recusa do Oficial em dar prosseguimento a procedimento de adjudica\u00e7\u00e3o compuls\u00f3ria extrajudicial do im\u00f3vel objeto da matr\u00edcula n\u00ba 99.729 daquela serventia.<\/p>\n<p>Sustenta a apelante, em s\u00edntese, que as alega\u00e7\u00f5es feitas pelos propriet\u00e1rios do bem, impugnantes do pedido de adjudica\u00e7\u00e3o compuls\u00f3ria extrajudicial, n\u00e3o est\u00e3o comprovadas; que n\u00e3o h\u00e1 prova de que os impugnantes s\u00e3o analfabetos: que eles estavam acompanhados de advogado no momento da assinatura do compromisso de compra e venda; que o valor da venda \u00e9 condizente com o valor de mercado; e que o contrato n\u00e3o possui cl\u00e1usulas nulas. Ressalta, ainda, que seria injusto lhe impor o uso da via judicial em virtude da impugna\u00e7\u00e3o infundada apresentada. Pede, ao final, a reforma da senten\u00e7a para que seja determinado o prosseguimento do procedimento de adjudica\u00e7\u00e3o compuls\u00f3ria extrajudicial (fls. 163\/176).<\/p>\n<p>Andr\u00e9 Ianovich e Maria Aristides Ianovich, propriet\u00e1rios do bem e impugnantes do pedido de adjudica\u00e7\u00e3o, apresentaram contrarraz\u00f5es (fls. 190\/195).<\/p>\n<p>A Procuradoria de Justi\u00e7a manifestou-se pelo n\u00e3o provimento do recurso (fls. 213\/215).<\/p>\n<p><strong>\u00c9 o relat\u00f3rio.<\/strong><\/p>\n<p>A ora apelante ingressou com pedido de adjudica\u00e7\u00e3o compuls\u00f3ria extrajudicial no 9\u00ba Registro de Im\u00f3veis da Capital, objetivando a transmiss\u00e3o da propriedade do bem matriculado sob n\u00ba 99.729 naquela serventia.<\/p>\n<p>Notificada, a promitente vendedora e seu marido apresentaram impugna\u00e7\u00e3o, alegando, em resumo, que o objeto do contrato de compromisso de compra e venda \u00e9 il\u00edcito, pois simulou a garantia de um empr\u00e9stimo ilegal e abusivo.<\/p>\n<p>Ante a impugna\u00e7\u00e3o apresentada pelos propriet\u00e1rios do im\u00f3vel, o registrador obstou o pedido de adjudica\u00e7\u00e3o extrajudicial.<\/p>\n<p>Requerida a suscita\u00e7\u00e3o de d\u00favida, a MM. Ju\u00edza Corregedora Permanente da unidade extrajudicial julgou procedente o pedido, mantendo o \u00f3bice apontado pelo Oficial.<\/p>\n<p>Inconformada, a apelante interp\u00f4s o recurso ora analisado.<\/p>\n<p>Sem raz\u00e3o, contudo.<\/p>\n<p>Especificamente em rela\u00e7\u00e3o ao procedimento de adjudica\u00e7\u00e3o compuls\u00f3ria extrajudicial, disp\u00f5e o item 471 do Cap\u00edtulo XX das NSCGJ:<\/p>\n<p>&#8220;471. O oficial de registro de im\u00f3veis indeferir\u00e1 o pedido, se:<\/p>\n<blockquote><p>I &#8211; for constatado artif\u00edcio ou colus\u00e3o para burlar requisitos notariais e registrais ou exig\u00eancias tribut\u00e1rias, ou para burlar o disposto no art. 108 do C\u00f3digo Civil;<\/p>\n<p>II &#8211; a impugna\u00e7\u00e3o do requerido for fundada&#8221;.<\/p><\/blockquote>\n<p>E n\u00e3o obstante as alega\u00e7\u00f5es da ora apelante, devidamente apreciadas tanto pelo registrador como pela MM. Ju\u00edza Corregedora Permanente, a impugna\u00e7\u00e3o apresentada pelos titulares de dom\u00ednio \u00e9 mais do que suficiente para impedir a continuidade do procedimento na esfera administrativa.<\/p>\n<p>Considerando que o exerc\u00edcio da jurisdi\u00e7\u00e3o \u00e9 fun\u00e7\u00e3o que cabe com exclusividade ao Poder Judici\u00e1rio, n\u00e3o \u00e9 dado ao registrador analisar o m\u00e9rito da impugna\u00e7\u00e3o apresentada pelos promitentes vendedores. Ao Oficial cabe apenas analisar se aquilo que \u00e9 alegado \u00e9 minimamente fundado. Como no caso dos autos os propriet\u00e1rios do im\u00f3vel questionam diversos aspectos do compromisso de compra e venda cujo cumprimento \u00e9 requerido extrajudicialmente, a impugna\u00e7\u00e3o foi corretamente considerada fundada.<\/p>\n<p>N\u00e3o \u00e9 por outra raz\u00e3o que o inciso IV do \u00a7 1\u00ba do art. 216- B da Lei n\u00ba 6.015\/73 indica entre os documentos indispens\u00e1veis para o requerimento de adjudica\u00e7\u00e3o compuls\u00f3ria extrajudicial &#8220;certid\u00f5es dos <em>distribuidores forenses da comarca da situa\u00e7\u00e3o do im\u00f3vel e do domic\u00edlio do requerente que demonstrem a inexist\u00eancia de lit\u00edgio envolvendo o contrato de promessa de compra e venda do im\u00f3vel objeto da adjudica\u00e7\u00e3o<\/em>&#8220;. Ora, se a exist\u00eancia de disputa judicial acerca do compromisso de compra e venda impede a adjudica\u00e7\u00e3o extrajudicial, \u00e9 evidente que a impugna\u00e7\u00e3o apresentada pelos propriet\u00e1rios do bem tamb\u00e9m obsta essa via. Da mesma forma que o Oficial n\u00e3o pode avaliar a quest\u00e3o que \u00e9 objeto de processo judicial, n\u00e3o lhe \u00e9 dado analisar o m\u00e9rito de impugna\u00e7\u00e3o fundada apresentada perante a serventia imobili\u00e1ria.<\/p>\n<p>A quest\u00e3o aqui analisada muito se assemelha ao procedimento utilizado nas impugna\u00e7\u00f5es apresentadas em usucapi\u00e3o extrajudicial. Nesses casos, minimamente fundada a impugna\u00e7\u00e3o, cabe ao interessado se valer da via judicial. Nesse sentido:<\/p>\n<blockquote><p>&#8220;<em>Registro de Im\u00f3veis \u2013 Usucapi\u00e3o extrajudicial \u2013 Impugna\u00e7\u00e3o fundamentada oposta por pessoa notificada tanto na qualidade de titular do dom\u00ednio como de confrontante \u2013 Questionamentos que envolvem o exerc\u00edcio da posse, a descri\u00e7\u00e3o do bem e diverg\u00eancias entre a \u00e1rea negociada e a \u00e1rea objeto da usucapi\u00e3o Impossibilidade de prosseguimento na via administrativa \u2013 Incid\u00eancia dos itens 420.3, 420.5 e 420.7 do Cap\u00edtulo XX das NSCGJ Precedentes deste Conselho Superior da Magistratura Apela\u00e7\u00e3o provida, determinando-se a extin\u00e7\u00e3o da usucapi\u00e3o extrajudicial e remessa dos interessados \u00e0s vias ordin\u00e1rias<\/em>&#8221; (CSM\/SP &#8211; apela\u00e7\u00e3o n\u00ba 1013408-63.2023.8.26.0510, Rel. Des. Francisco Loureiro, j. em 27\/11\/2024).<\/p>\n<p>&#8220;<em>Registro de Im\u00f3veis \u2013 Usucapi\u00e3o na via extrajudicial \u2013 D\u00favida \u2013 Apela\u00e7\u00e3o \u2013 Impugna\u00e7\u00e3o fundamentada do confrontante \u2013 Impossibilidade de prosseguimento na via administrativa \u2013 Apela\u00e7\u00e3o a que se d\u00e1 provimento para os fins das NSCGJ, II, XX, 420.4<\/em>&#8221; (CSM\/SP &#8211; apela\u00e7\u00e3o n\u00ba 1001285-66.2020.8.26.0048, Rel. Des. Torres Garcia, j. em 6\/11\/2023).<\/p>\n<p>&#8220;<em>Apela\u00e7\u00e3o \u2013 Procedimento de d\u00favida \u2013 Impugna\u00e7\u00e3o a procedimento de usucapi\u00e3o extrajudicial \u2013 Possibilidade \u2013 Intelig\u00eancia do art. 216-A, \u00a7 7\u00ba da Lei n\u00ba 6.015\/1973 \u2013 Usucapi\u00e3o extrajudicial \u2013 Impugna\u00e7\u00e3o por exequente que penhorou o im\u00f3vel em execu\u00e7\u00e3o judicial \u2013 Argui\u00e7\u00e3o da penhora e da exist\u00eancia de poss\u00edvel fraude contra credores \u2013 Alega\u00e7\u00e3o de ocorr\u00eancia de fraude \u00e0 execu\u00e7\u00e3o e inexist\u00eancia de posse com animus domini \u2013 Senten\u00e7a que acolhe parcialmente a impugna\u00e7\u00e3o e determina a requerente o uso da via judicial \u2013 Fraude \u00e0 execu\u00e7\u00e3o caracteriza mat\u00e9ria f\u00e1tica a ser apurada em processo judicial \u2013 D\u00favidas sobre a natureza da posse exercida considerando a condi\u00e7\u00e3o de parentes dos envolvidos \u2013 Impugna\u00e7\u00e3o com fundamento relevante \u2013 Impossibilidade de prosseguimento \u2013 Remessa das partes \u00e0s vias ordin\u00e1rias \u2013 Intelig\u00eancia do art. 216-A, \u00a7 10 da Lei n\u00ba 6.015\/1973 e do item 420.5 do Cap. XX das NSCGJ \u2013 Encaminhamento da requerente da usucapi\u00e3o extrajudicial para a via judicial mantida \u2013 Recurso n\u00e3o provido<\/em>&#8221; (CSM\/SP &#8211; apela\u00e7\u00e3o n\u00ba 1118113-23.2019.8.26.0100, Rel. Des. Ricardo Anafe, j. em 15\/5\/2020).<\/p><\/blockquote>\n<p>Ressalte-se, por fim, que, ao contr\u00e1rio do alegado no recurso, o acolhimento da impugna\u00e7\u00e3o pela r. senten\u00e7a teve por objetivo t\u00e3o-somente obstar o uso da via extrajudicial, n\u00e3o tendo havido an\u00e1lise do m\u00e9rito da obje\u00e7\u00e3o. Com efeito, a leitura da parte final da fundamenta\u00e7\u00e3o da r. senten\u00e7a deixa bastante claro que a discuss\u00e3o trazida pelos impugnantes deve ser solucionada em processo judicial espec\u00edfico, &#8220;<em>com contradit\u00f3rio e ampla defesa, havendo possibilidade de dila\u00e7\u00e3o probat\u00f3ria<\/em>&#8221; (fls. 156).<\/p>\n<p>Ante o exposto, pelo meu voto, <strong>nego provimento <\/strong>\u00e0 apela\u00e7\u00e3o.<\/p>\n<p><strong>FRANCISCO LOUREIRO<\/strong><\/p>\n<p><strong>Corregedor Geral da Justi\u00e7a e Relator <\/strong><\/p>\n<p>(DJe de 29.04.2025 \u2013 SP)<\/p>\n","protected":false},"excerpt":{"rendered":"<p>AC\u00d3RD\u00c3O Vistos, relatados e discutidos estes autos de Apela\u00e7\u00e3o C\u00edvel n\u00ba 1179578-57.2024.8.26.0100, da Comarca de S\u00e3o Paulo, em que \u00e9 apelante FACAM IM\u00d3VEIS S\/A, s\u00e3o apelados ANDRE IANOVICH, MARIA ARISTIDES IANOVICH e 9\u00ba OFICIAL DE REGISTRO DE IM\u00d3VEIS DA COMARCA DA CAPITAL. ACORDAM, em Conselho Superior da Magistratura do Tribunal de Justi\u00e7a de S\u00e3o Paulo, [&hellip;]<\/p>\n","protected":false},"author":4,"featured_media":0,"comment_status":"closed","ping_status":"open","sticky":false,"template":"","format":"standard","meta":{"footnotes":""},"categories":[37],"tags":[],"class_list":["post-20196","post","type-post","status-publish","format-standard","hentry","category-csm-sao-paulo"],"_links":{"self":[{"href":"https:\/\/www.26notas.com.br\/blog\/index.php?rest_route=\/wp\/v2\/posts\/20196","targetHints":{"allow":["GET"]}}],"collection":[{"href":"https:\/\/www.26notas.com.br\/blog\/index.php?rest_route=\/wp\/v2\/posts"}],"about":[{"href":"https:\/\/www.26notas.com.br\/blog\/index.php?rest_route=\/wp\/v2\/types\/post"}],"author":[{"embeddable":true,"href":"https:\/\/www.26notas.com.br\/blog\/index.php?rest_route=\/wp\/v2\/users\/4"}],"replies":[{"embeddable":true,"href":"https:\/\/www.26notas.com.br\/blog\/index.php?rest_route=%2Fwp%2Fv2%2Fcomments&post=20196"}],"version-history":[{"count":1,"href":"https:\/\/www.26notas.com.br\/blog\/index.php?rest_route=\/wp\/v2\/posts\/20196\/revisions"}],"predecessor-version":[{"id":20197,"href":"https:\/\/www.26notas.com.br\/blog\/index.php?rest_route=\/wp\/v2\/posts\/20196\/revisions\/20197"}],"wp:attachment":[{"href":"https:\/\/www.26notas.com.br\/blog\/index.php?rest_route=%2Fwp%2Fv2%2Fmedia&parent=20196"}],"wp:term":[{"taxonomy":"category","embeddable":true,"href":"https:\/\/www.26notas.com.br\/blog\/index.php?rest_route=%2Fwp%2Fv2%2Fcategories&post=20196"},{"taxonomy":"post_tag","embeddable":true,"href":"https:\/\/www.26notas.com.br\/blog\/index.php?rest_route=%2Fwp%2Fv2%2Ftags&post=20196"}],"curies":[{"name":"wp","href":"https:\/\/api.w.org\/{rel}","templated":true}]}}