{"id":20147,"date":"2025-02-13T16:25:05","date_gmt":"2025-02-13T19:25:05","guid":{"rendered":"https:\/\/www.26notas.com.br\/blog\/?p=20147"},"modified":"2025-02-13T16:25:05","modified_gmt":"2025-02-13T19:25:05","slug":"csmsp-registro-de-imoveis-escritura-publica-de-divorcio-e-partilha-excesso-de-meacao-afastado-in-concreto-patrimonio-considerado-em-sua-totalidade-p","status":"publish","type":"post","link":"https:\/\/www.26notas.com.br\/blog\/?p=20147","title":{"rendered":"CSM|SP: Registro de Im\u00f3veis \u2013 Escritura p\u00fablica de div\u00f3rcio e partilha \u2013 Excesso de mea\u00e7\u00e3o afastado\u00a0in concreto\u00a0\u2013 Patrim\u00f4nio considerado em sua totalidade \u2013 Precedentes desta E. Corte na jurisdi\u00e7\u00e3o contenciosa \u2013 Cess\u00e3o patrimonial onerosa n\u00e3o configurada \u2013 Veda\u00e7\u00e3o de tributa\u00e7\u00e3o com efeito de confisco \u2013 Princ\u00edpio da legalidade temperada \u2013 Afastamento da incid\u00eancia da legisla\u00e7\u00e3o municipal \u2013 D\u00favida julgada improcedente \u2013 Recurso provido."},"content":{"rendered":"<p style=\"text-align: center;\"><img loading=\"lazy\" decoding=\"async\" class=\"alignnone size-full wp-image-17524\" src=\"https:\/\/www.26notas.com.br\/blog\/wp-content\/uploads\/2017\/04\/Decis\u00e7\u00f5es-CSM1-e1665517214806.png\" alt=\"\" width=\"420\" height=\"225\" srcset=\"https:\/\/www.26notas.com.br\/blog\/wp-content\/uploads\/2017\/04\/Decis\u00e7\u00f5es-CSM1-e1665517214806.png 420w, https:\/\/www.26notas.com.br\/blog\/wp-content\/uploads\/2017\/04\/Decis\u00e7\u00f5es-CSM1-e1665517214806-300x161.png 300w\" sizes=\"auto, (max-width: 420px) 100vw, 420px\" \/><\/p>\n<p><strong>AC\u00d3RD\u00c3O \u00a0<\/strong><\/p>\n<p>Vistos, relatados e discutidos estes autos de Apela\u00e7\u00e3o C\u00edvel n\u00ba 1134789-70.2024.8.26.0100, da Comarca de S\u00e3o Paulo, em que \u00e9 apelante CONSUELO ITALA PONTIROLLI LUZZATI SANDRI, \u00e9 apelado 4\u00ba OFICIAL DE REGISTRO DE IM\u00d3VEIS DA CAPITAL.<\/p>\n<p><strong>ACORDAM,\u00a0<\/strong>em Conselho Superior da Magistratura do Tribunal de Justi\u00e7a de S\u00e3o Paulo, proferir a seguinte decis\u00e3o: &#8220;Deram provimento \u00e0 apela\u00e7\u00e3o e julgaram improcedente a d\u00favida, com determina\u00e7\u00e3o, v.u.&#8221;, de conformidade com o voto do Relator, que integra este ac\u00f3rd\u00e3o.<\/p>\n<p>O julgamento teve a participa\u00e7\u00e3o dos Exmos. Desembargadores FERNANDO TORRES GARCIA (PRESIDENTE TRIBUNAL DE JUSTI\u00c7A) (Presidente), BERETTA DA SILVEIRA (VICE PRESIDENTE), XAVIER DE AQUINO (DECANO), TORRES DE CARVALHO(PRES. SE\u00c7\u00c3O DE DIREITO P\u00daBLICO), HERALDO DE OLIVEIRA (PRES. SE\u00c7\u00c3O DE DIREITO PRIVADO) E CAMARGO ARANHA FILHO(PRES. SE\u00c7\u00c3O DE DIREITO CRIMINAL).<\/p>\n<p>S\u00e3o Paulo, 4 de fevereiro de 2025.<\/p>\n<p><strong>FRANCISCO LOUREIRO<\/strong><\/p>\n<p><strong>Corregedor Geral da Justi\u00e7a e Relator<\/strong><\/p>\n<p><strong>APELA\u00c7\u00c3O C\u00cdVEL n\u00ba 1134789-70.2024.8.26.0100<\/strong><\/p>\n<p><strong>APELANTE: Consuelo Itala Pontirolli Luzzati Sandri APELADO: 4\u00ba Oficial de Registro de Im\u00f3veis da Capital<\/strong><\/p>\n<p><strong><u>VOTO N\u00ba 43.661<\/u><\/strong><\/p>\n<p><strong>Registro de Im\u00f3veis \u2013 Escritura p\u00fablica de div\u00f3rcio e partilha \u2013 Excesso de mea\u00e7\u00e3o afastado\u00a0<em>in concreto\u00a0<\/em>\u2013 Patrim\u00f4nio considerado em sua totalidade \u2013 Precedentes desta E. Corte na jurisdi\u00e7\u00e3o contenciosa \u2013 Cess\u00e3o patrimonial onerosa n\u00e3o configurada \u2013 Veda\u00e7\u00e3o de tributa\u00e7\u00e3o com efeito de confisco \u2013 Princ\u00edpio da legalidade temperada \u2013 Afastamento da incid\u00eancia da legisla\u00e7\u00e3o municipal \u2013 D\u00favida julgada improcedente \u2013 Recurso provido.<\/strong><\/p>\n<p>Trata-se de apela\u00e7\u00e3o interposta por Consuelo Itala Pontirolli Luzzati Sandri, contra a r. senten\u00e7a de fls. 102\/106, proferida pela MM. Ju\u00edza Corregedora Permanente do 4\u00ba Registro de Im\u00f3veis da Capital, que, mantendo a exig\u00eancia apresentada pelo Oficial, negou o registro na matr\u00edcula n\u00ba 182.605 daquela Serventia de escritura p\u00fablica de div\u00f3rcio com partilha de bens.<\/p>\n<p>A apelante sustenta, em s\u00edntese, que a partilha convencionada entre os ex-c\u00f4njuges foi igualit\u00e1ria quando considerada a totalidade do patrim\u00f4nio conjugal. Alega que o im\u00f3vel em quest\u00e3o n\u00e3o constitui parcela excedente da mea\u00e7\u00e3o, estando apenas compreendido na metade que lhe coube, n\u00e3o havendo, portanto, incid\u00eancia de ITBI. Ao final, requer seja afastada a exigibilidade de recolhimento do ITBI para o registro do t\u00edtulo (fls. 122\/130).<\/p>\n<p>A Procuradoria de Justi\u00e7a opinou pelo n\u00e3o provimento do recurso (fls. 162\/165).<\/p>\n<p><strong>\u00c9 o relat\u00f3rio.<\/strong><\/p>\n<p>O dissenso versa sobre a registrabilidade de escritura p\u00fablica de div\u00f3rcio com partilha de bens na matr\u00edcula n\u00ba 182.605 do 4\u00ba RI desta Capital, condicionada, pelo Oficial, \u00e0 comprova\u00e7\u00e3o do recolhimento do ITBI, diante do excesso de mea\u00e7\u00e3o por ele apontado, referente ao patrim\u00f4nio imobili\u00e1rio, caracterizado em favor da apelante (fls. 1\/4 e 122\/130).<\/p>\n<p>O registrador, ao suscitar a d\u00favida, invocou o inciso VI do art. 2\u00ba da Lei Municipal n\u00ba 11.154\/1991, de acordo com o qual est\u00e3o compreendidos na incid\u00eancia do imposto &#8220;<em>o valor dos im\u00f3veis que, na divis\u00e3o de patrim\u00f4nio comum ou na partilha, forem atribu\u00eddos a um dos c\u00f4njuges separados ou divorciados &#8230;, acima da respectiva mea\u00e7\u00e3o ou quinh\u00e3o, considerando, em conjunto, apenas os bens im\u00f3veis constantes do patrim\u00f4nio comum &#8230;<\/em>&#8221; (fls. 2).<\/p>\n<p>O ITBI, tributo de compet\u00eancia municipal, previsto no art. 156, II, da CF, possui como hip\u00f3teses de incid\u00eancia a transmiss\u00e3o onerosa\u00a0<em>inter vivos\u00a0<\/em>de im\u00f3veis ou de direitos reais sobre im\u00f3veis e a cess\u00e3o onerosa de direitos a sua aquisi\u00e7\u00e3o. Agora, se efetivada a t\u00edtulo gratuito, a transfer\u00eancia pode dar ensejo \u00e0 incid\u00eancia do ITCMD, imposto referido no art. 155, I, da CF, cuja institui\u00e7\u00e3o cabe aos Estados e ao Distrito Federal.<\/p>\n<p>A jurisprud\u00eancia administrativa deste E. Tribunal, expressa em precedentes deste C. Conselho Superior da Magistratura, constatado o excesso de mea\u00e7\u00e3o, apurado em conformidade com a legisla\u00e7\u00e3o municipal (por conseguinte, \u00e0 luz da partilha desigual do patrim\u00f4nio imobili\u00e1rio), admite a exig\u00eancia correspondente \u00e0 comprova\u00e7\u00e3o do recolhimento do ITBI, se ocorrente compensa\u00e7\u00e3o patrimonial, tra\u00e7o da onerosidade da opera\u00e7\u00e3o econ\u00f4mica, e a pertinente demonstra\u00e7\u00e3o do recolhimento do ITCMD, se ausente reposi\u00e7\u00e3o, logo, se desnudada a atribui\u00e7\u00e3o patrimonial sem presta\u00e7\u00e3o correspectiva<strong>[1]<\/strong>.<\/p>\n<p>Dizendo em termos mais simples, se o excesso de mea\u00e7\u00e3o ocorreu mediante pagamento de torna, o neg\u00f3cio \u00e9 oneroso e incide o ITBI. Ao contr\u00e1rio, se o excesso de mea\u00e7\u00e3o ocorreu sem qualquer contrapresta\u00e7\u00e3o, vale dizer, a t\u00edtulo gratuito, incide o ITCMD.<\/p>\n<p>Sobre o tema, o E. Supremo Tribunal Federal, h\u00e1 mais de seis d\u00e9cadas, ainda antes da Lei do Div\u00f3rcio, aprovada em 1977, editou a S\u00famula 116, admitindo o imposto de reposi\u00e7\u00e3o, in verbis: &#8220;<em>em desquite ou invent\u00e1rio, \u00e9 leg\u00edtima a cobran\u00e7a do imposto de reposi\u00e7\u00e3o, quando houver desigualdade nos valores partilhados.<\/em>&#8221;<\/p>\n<p><em>In casu<\/em>, enquanto casados sob o regime da comunh\u00e3o parcial de bens (fls. 21), a recorrente e Victor Garcia Sandri adquiriram o im\u00f3vel descrito na matr\u00edcula n\u00ba 182.605 do 4\u00ba RI desta Capital (fls. 77\/81), que passou a compor o patrim\u00f4nio coletivo do casal, patrim\u00f4nio de m\u00e3o comum. A esse respeito, assinala Orlando Gomes:<\/p>\n<p>&#8220;<em>Em rela\u00e7\u00e3o ao patrim\u00f4nio comum, a posi\u00e7\u00e3o jur\u00eddica dos c\u00f4njuges \u00e9 peculiar. N\u00e3o s\u00e3o propriet\u00e1rios das coisas individualizadas que o integram, mas do conjunto desses bens. N\u00e3o se trata de condom\u00ednio propriamente dito, porquanto nenhum dos c\u00f4njuges pode dispor de sua parte nem exigir a divis\u00e3o dos bens comuns. Tais bens s\u00e3o objeto de propriedade coletiva, a propriedade de m\u00e3o comum dos alem\u00e3es, cujos titulares s\u00e3o ambos os c\u00f4njuges<\/em><strong>[2]<\/strong><em>&#8220;.<\/em><\/p>\n<p>Por ocasi\u00e3o da partilha do patrim\u00f4nio amealhado durante o matrim\u00f4nio (quando da especifica\u00e7\u00e3o da por\u00e7\u00e3o do patrim\u00f4nio comum composta pela mea\u00e7\u00e3o de cada um dos c\u00f4njuges), os bens im\u00f3veis do casal foram avaliados em R$ 13.448.739,92, cabendo \u00e0 ora recorrente, com exclusividade, o im\u00f3vel matriculado sob n\u00ba 182.605, avaliado em R$ 13.158.938,00 (fls. 19). Mesmo assim, de acordo com a escritura p\u00fablica (fls. 20\/39), considerando os v\u00e1rios outros bens partilhados, a divis\u00e3o de patrim\u00f4nio foi igualit\u00e1ria (fls. 36\/37).<\/p>\n<p>No entanto, na aferi\u00e7\u00e3o do patrim\u00f4nio coletivo, da massa de bens pertencente coletivamente ao casal, dessa universalidade de direito, marcada pela unidade, &#8220;complexo de rela\u00e7\u00f5es jur\u00eddicas &#8230; dotadas de valor econ\u00f4mico&#8221; (cf. art. 91 do CC), conjunto de direitos e obriga\u00e7\u00f5es, de situa\u00e7\u00f5es jur\u00eddicas subjetivas patrimoniais ativas e passivas suscet\u00edveis de avalia\u00e7\u00e3o pecuni\u00e1ria<strong>[3]<\/strong>, e, consequentemente, no momento da partilha, na aprecia\u00e7\u00e3o do excesso de mea\u00e7\u00e3o, \u00e9 de rigor considerar a totalidade dos bens, todos os elementos integrantes desse patrim\u00f4nio, e, assim, al\u00e9m dos bens im\u00f3veis, tamb\u00e9m, os m\u00f3veis e o passivo, as obriga\u00e7\u00f5es e as d\u00edvidas pendentes de liquida\u00e7\u00e3o.<\/p>\n<p>Nessa senda, em controv\u00e9rsias envolvendo excesso de mea\u00e7\u00e3o e cobran\u00e7a de ITBI (conforme o caso, ITCMD), posicionou-se este Tribunal, em precedentes de suas C. C\u00e2maras de Direito P\u00fablico, que tamb\u00e9m devem ser levadas em conta as obriga\u00e7\u00f5es do casal (Remessa Necess\u00e1ria C\u00edvel n\u00ba 1012763-39.2020.8.26.0576, rel. Des. M\u00f4nica Serrano, j. 10.2.2021, na Apela\u00e7\u00e3o\/Remessa Necess\u00e1ria n\u00ba 1038844-42.2020.8.26.0053, rel. Des. Raul De Felice, j. 29.11.2021, na Apela\u00e7\u00e3o C\u00edvel n\u00ba 1071093-12.2021.8.26.0053, rel. Des. Silva Russo, j. 12.1.2023, na Remessa Necess\u00e1ria n\u00ba 1058944-81.2021.8.26.0053, rel. Des. Marcelo Theod\u00f3sio, j. 8.2.2023, na Apela\u00e7\u00e3o\/Remessa Necess\u00e1ria n\u00ba 1026398-02.2023.8.26.0053, rel. Des. Silva Russo, j. 18.9.2023, na Apela\u00e7\u00e3o\/Remessa Necess\u00e1ria n\u00ba 1001526-73.2022.8.26.0176, rel. Des. Ricardo Chimenti, j. 1\u00ba.11.2023, na Apela\u00e7\u00e3o\/Remessa Necess\u00e1ria n\u00ba 1074978-63.2023.8.26.0053, rel. Des. Tania Mara Ahualli, j. 16.4.2024, na Apela\u00e7\u00e3o C\u00edvel n\u00ba 1070881-20.2023.8.26.0053, rel. Des. Jo\u00e3o Alberto Pezarini, j. 3.7.2024, e na Apela\u00e7\u00e3o n\u00ba 1010120-86.2024.8.26.0053, rel. Des. Ricardo Chimenti, j. 26.7.2024.<\/p>\n<p>Esse, ali\u00e1s, j\u00e1 foi o entendimento deste C. Conselho Superior da Magistratura, na Apela\u00e7\u00e3o n\u00ba 1060800-12.2016.8.26.0100, rel. Des. Pereira Cal\u00e7as, j. 6.6.2017, precedente no qual, em aten\u00e7\u00e3o \u00e0 partilha definida em invent\u00e1rio, abrangendo im\u00f3veis, valores em dinheiro e quotas sociais, cabendo ent\u00e3o aqueles exclusivamente a um dos herdeiros, restou afastada a compreens\u00e3o fragmentada de patrim\u00f4nio e, da\u00ed, a incid\u00eancia do art. 2.\u00ba, VI, da Lei n.\u00ba 11.154\/1991, foi exclu\u00edda, de forma a dispensar a comprova\u00e7\u00e3o de recolhimento de ITBI, pois n\u00e3o reconhecida a transmiss\u00e3o onerosa\u00a0<em>inter vivos\u00a0<\/em>de bens im\u00f3veis.<\/p>\n<p>Sob essa perspectiva, a exig\u00eancia impugnada deve ser afastada. O excesso de mea\u00e7\u00e3o reconhecido pelo Oficial, baseado na legisla\u00e7\u00e3o municipal, escora-se em uma intelec\u00e7\u00e3o fraturada, em vis\u00e3o seccionada da no\u00e7\u00e3o de patrim\u00f4nio. Ao concretizar, via lei ordin\u00e1ria, a hip\u00f3tese de incid\u00eancia constitucionalmente eleita, em particular, ao cuidar da tributa\u00e7\u00e3o do excesso de mea\u00e7\u00e3o, atendo-se somente \u00e0 partilha dos im\u00f3veis, o ente tributante n\u00e3o observou, em sua exatid\u00e3o, o princ\u00edpio da capacidade econ\u00f4mica<strong>[4]<\/strong>, abrindo espa\u00e7o para sua vulnera\u00e7\u00e3o em situa\u00e7\u00f5es concretas, aqui sucedida.<\/p>\n<p>Nota-se que o excesso de mea\u00e7\u00e3o apontado pelo registrador decorre da compreens\u00e3o equivocada de patrim\u00f4nio constante na Lei Municipal. Se, por outro lado, o patrim\u00f4nio for entendido como uma universalidade de direito envolvendo todas as rela\u00e7\u00f5es de natureza econ\u00f4mica do casal, a leitura da escritura mostra que a partilha foi igualit\u00e1ria (fls. 36\/37).<\/p>\n<p>Dentro desse contexto, a exemplo do que foi decidido por este C. Conselho Superior da Magistratura no julgamento da apela\u00e7\u00e3o n\u00ba 1053923-75.2024.8.26.0100, j. em 19.9.2024, de minha relatoria, justifica-se afastar a aplica\u00e7\u00e3o da legisla\u00e7\u00e3o municipal, nada obstante pontualmente, reconhecendo a impertin\u00eancia da exig\u00eancia impugnada, solu\u00e7\u00e3o amparada no princ\u00edpio constitucional da capacidade econ\u00f4mica e na proibi\u00e7\u00e3o do confisco e, de mais a mais, em uma interpreta\u00e7\u00e3o sistem\u00e1tica da ordem jur\u00eddica, voltada a resguardar sua unidade, integridade, coer\u00eancia e racionalidade, e a realizar os valores e fins constitucionais. A legalidade, pondera Oswaldo Aranha Bandeira de Mello, comporta mitiga\u00e7\u00e3o em sua rudeza; ao se aplicar a lei, aduz, &#8220;<em>n\u00e3o se pode deixar de considerar as circunst\u00e2ncias da quest\u00e3o em foco. Muitas vezes, por estatuir de forma gen\u00e9rica, a lei prescinde de aspectos especiais, que se verificam por ocasi\u00e3o da sua atualiza\u00e7\u00e3o na hip\u00f3tese, e na qual a aplica\u00e7\u00e3o da norma no seu exato rigor a tornaria injusta, e, ent\u00e3o, ponderando-se sobre essa situa\u00e7\u00e3o excepcional, cumpre ameniz\u00e1- la<\/em><strong>[5]<\/strong>&#8220;.<\/p>\n<p>Ali\u00e1s, a legalidade, assinala Juarez Freitas, &#8220;<em>evoluiu do legalismo primitivo e hipertrofiado para a posi\u00e7\u00e3o \u2013 por assim dizer \u2013 balanceada e substancialista (superado, ao menos em teoria, o automatismo imoderado no cumprimento das regras)<\/em><strong>[6]<\/strong>&#8220;. Sob essa l\u00f3gica, prossegue, &#8220;<em>n\u00e3o prosperam as orienta\u00e7\u00f5es preconizadoras &#8230; de obedi\u00eancia irracional do agente p\u00fablico \u00e0 lei ou \u2013 o que seria pior \u2013 \u00e0 voluntas legislatoris. \u00c9 que n\u00e3o se confundem &#8230; o texto da lei com a juridicidade normativa<\/em><strong>[7]<\/strong>&#8220;. Trata-se da legalidade temperada.<\/p>\n<p>Adiante, em racioc\u00ednio a prestigiar os fundamentos deste voto, acentua: &#8220;<em>deve haver respeito \u00e0 legalidade, sim, mas encartada no plexo de pondera\u00e7\u00f5es que a qualifiquem como sistematicamente justific\u00e1vel (interna e externamente). &#8230; A legalidade temperada requer a observ\u00e2ncia cumulativa de princ\u00edpios em sintonia com a teleologia constitucional, para al\u00e9m do textualismo estrito<\/em><strong>[8]<\/strong><em>&#8220;. Assim, conclui: &#8220;o princ\u00edpio da constitucionalidade representa o coroamento do processo evolutivo da legalidade, fazendo com que o controle sistem\u00e1tico acolha o imperativo de evoluir da legalidade para a constitucionalidade, num processo circular, que transcenda reducionismos simplistas<\/em><strong>[9]<\/strong><em>&#8220;.<\/em><\/p>\n<p>Sob esse \u00e2ngulo, substancialista, enfoque orientador da motiva\u00e7\u00e3o articulada, o princ\u00edpio da legalidade n\u00e3o est\u00e1 a obstar, mas sim a determinar a inscri\u00e7\u00e3o da escritura p\u00fablica. A prop\u00f3sito, n\u00e3o se realiza na aplica\u00e7\u00e3o mec\u00e2nica, autom\u00e1tica e irrefletida da letra fria da lei, expressa em regra isoladamente considerada. Ao contr\u00e1rio, a conformidade por ele exigida, acentuam, com propriedade, S\u00e9rgio Ferraz e Adilson Abreu Dallari, \u00e9 com o Direito, a ordem jur\u00eddica encarada em sua totalidade, n\u00e3o com um peda\u00e7o seu, uma tira sua, com uma norma extra\u00edda de texto espec\u00edfico<strong>[10]<\/strong>.<\/p>\n<p>Calha pontuar, de toda forma, que n\u00e3o se declara, aqui, seara inadequada, a inconstitucionalidade de dispositivos legais, em especial, dos que amparam a exig\u00eancia ora afastada. Ali\u00e1s, os precedentes administrativos deste C. Conselho Superior da Magistratura desautorizam declara\u00e7\u00e3o em tal sentido<strong>[11]<\/strong>. In casu, portanto, apenas se est\u00e1 a admitir a inscri\u00e7\u00e3o da escritura, dispensando a comprova\u00e7\u00e3o do recolhimento do ITBI. A partir de uma interpreta\u00e7\u00e3o conforme, afasta-se a incid\u00eancia de norma v\u00e1lida, pois n\u00e3o incidente sobre determinada situa\u00e7\u00e3o de fato.<\/p>\n<p>Incorpora-se, nesse sentido, orienta\u00e7\u00e3o jurisdicional prevalecente desta E. Corte, expressa nos precedentes acima listados, de maneira a roborar a seguran\u00e7a jur\u00eddica e a fun\u00e7\u00e3o instrumental dos servi\u00e7os de registro.<\/p>\n<p>Em conformidade com a solu\u00e7\u00e3o dada na Apela\u00e7\u00e3o C\u00edvel n.\u00ba 0000424-82.2011.8.26.0543, rel. Des. Renato Nalini, j. 7.2.2013, ao inv\u00e9s de sujeitar a recorrente a um processo contencioso, comprometendo a regulariza\u00e7\u00e3o de seu direito real, a publicidade de seu direito, a estabilidade das rela\u00e7\u00f5es jur\u00eddicas e a confiabilidade do sistema registral, transfere-se o \u00f4nus ao Munic\u00edpio, a quem caber\u00e1, ent\u00e3o na via judicial, afirmar a constitucionalidade da legisla\u00e7\u00e3o municipal, demonstrando que houve efetiva partilha desigual.<\/p>\n<p>Diante do exposto, pelo meu voto, dou provimento \u00e0 apela\u00e7\u00e3o e, assim, afastando a exig\u00eancia impugnada, julgo improcedente a d\u00favida, determinando o registro da escritura p\u00fablica de fls. 20\/39. Sem preju\u00edzo, d\u00ea-se ci\u00eancia ao Munic\u00edpio de S\u00e3o Paulo.<\/p>\n<p><strong>FRANCISCO LOUREIRO<\/strong><\/p>\n<p><strong>Corregedor Geral da Justi\u00e7a e Relator<\/strong><\/p>\n<p><strong>Notas:<\/strong><\/p>\n<p><strong>[1]\u00a0<\/strong>Cf., v.g., Apela\u00e7\u00e3o C\u00edvel n.\u00ba 1112232-31.2020.8.26.0100, rel. Des. Ricardo Anafe, j. 16.6.2021, Apela\u00e7\u00e3o C\u00edvel n.\u00ba 1052995-32.2021.8.26.0100, rel. Des. Ricardo Anafe, j. 3.11.2021, Apela\u00e7\u00e3o C\u00edvel n.\u00ba 1128936-51.2022.8.26.0100, rel. Des. Fernando Antonio Torres Garcia, j. 24.4.2023, Apela\u00e7\u00e3o C\u00edvel n.\u00ba 0000183-50.2020.8.26.0137, rel. Des. Fernando Antonio Torres Garcia, j. 18.5.2023, Apela\u00e7\u00e3o C\u00edvel n.\u00ba 1001724-73.2021.8.26.0038, rel. Des. Fernando Antonio Torres Garcia, j. 17.11.2023, Apela\u00e7\u00e3o C\u00edvel n.\u00ba 1130468-26.2023.8.26.0100, rel. Des. Francisco Loureiro, j. 16.2.2024, e Apela\u00e7\u00e3o C\u00edvel n.\u00ba 1176233-20.2023.8.26.0100, rel. Des. Francisco Loureiro, j. 25.4.2024.<\/p>\n<p><strong>[2]<\/strong>\u00a0<em>Direito de Fam\u00edlia<\/em>. Atualizada por Humberto Theodoro J\u00fanior. 13\u00aa ed. Rio de Janeiro: Forense, 2000. p. 196<\/p>\n<p><strong>[3]<\/strong>\u00a0Francisco Amaral, ao cuidar das coisas coletivas, dividindo-as em universalidades de fato e universalidades de direito, enquadrando nestas os bens conjugais, destaca seu car\u00e1ter unit\u00e1rio, a uni\u00e3o ideal que as particulariza, \u201c<em>formando uma entidade complexa que transcende as coisas componentes,<\/em>\u00a0<em>com uma \u00fanica denomina\u00e7\u00e3o e um s\u00f3 regime jur\u00eddico, embora mantendo a individualidade pr\u00e1tica e<\/em>\u00a0<em>jur\u00eddica dos seus elementos<\/em>&#8221; (<em>Direito Civil: introdu\u00e7\u00e3o.\u00a0<\/em>6.\u00aa ed. Rio de Janeiro: Renovar, 2006. p. 327-328)<\/p>\n<p><strong>[4]<\/strong>\u00a0Conforme justa advert\u00eancia de Misabel Abreu Machado Derzi, &#8220;<em>&#8230; a capacidade econ\u00f4mica objetiva n\u00e3o se esgota na escolha da hip\u00f3tese de incid\u00eancia, j\u00e1 constitucionalmente posta, na quase totalidade dos impostos. \u00c9 necess\u00e1ria a realiza\u00e7\u00e3o de uma concre\u00e7\u00e3o paulatina, que somente se aperfei\u00e7oa com o advento da lei ordin\u00e1ria da pessoa jur\u00eddica competente. &#8230; E ser\u00e1, no quadro comparativo entre a Constitui\u00e7\u00e3o e as leis inferiores (complementares e ordin\u00e1rias), que a quest\u00e3o da capacidade econ\u00f4mica objetiva ganhar\u00e1 import\u00e2ncia<\/em>&#8221; (<em>Limita\u00e7\u00f5es constitucionais ao poder de tributar<\/em>. In:\u00a0<em>Tratado de Direito Constitucional<\/em>. Ives Gandra da Silva Martins, Gilmar Ferreira Mendes, Carlos Valder do Nascimento (coords.). 2.\u00aa ed. S\u00e3o Paulo: Saraiva, 2012, p. 264. v.2)<\/p>\n<p><strong>[5]<\/strong>\u00a0<em>Princ\u00edpios gerais de Direito Administrativo: introdu\u00e7\u00e3o<\/em>. 3.\u00aa ed. S\u00e3o Paulo: Malheiros, 2007, p. 423.<\/p>\n<p><strong>[6]<\/strong>\u00a0O controle dos atos administrativos e os princ\u00edpios fundamentais. 5.\u00aa ed. S\u00e3o Paulo: Malheiros, 2013, p. 59.<\/p>\n<p><strong>[7]<\/strong>\u00a0<em>Ibid.<\/em><\/p>\n<p><strong>[8]<\/strong>\u00a0<em>Ibid<\/em>., p. 61.<\/p>\n<p><strong>[9]<\/strong>\u00a0<em>Ibid<\/em>., p. 63.<\/p>\n<p><strong>[10]<\/strong>\u00a0<em>Processo administrativo<\/em>. 3.\u00aa ed. S\u00e3o Paulo: Malheiros, 2012. p. 115-116.<\/p>\n<p><strong>[11]<\/strong>\u00a0Apela\u00e7\u00e3o C\u00edvel n.\u00ba 43.694-0\/0, julgada em 06.02.1998, relator Desembargador S\u00e9rgio Augusto Nigro Concei\u00e7\u00e3o; Apela\u00e7\u00e3o C\u00edvel n.\u00ba 85-6\/9, julgada em 23.10.2003, relator Desembargador Luiz T\u00e2mbara.<\/p>\n<p>(DJe de 13.02.2025 \u2013 SP)<\/p>\n<div id=\"acfifjfajpekbmhmjppnmmjgmhjkildl\" class=\"acfifjfajpekbmhmjppnmmjgmhjkildl\"><\/div>\n<div id=\"icpbravoaccess_loaded\"><\/div>\n","protected":false},"excerpt":{"rendered":"<p>AC\u00d3RD\u00c3O \u00a0 Vistos, relatados e discutidos estes autos de Apela\u00e7\u00e3o C\u00edvel n\u00ba 1134789-70.2024.8.26.0100, da Comarca de S\u00e3o Paulo, em que \u00e9 apelante CONSUELO ITALA PONTIROLLI LUZZATI SANDRI, \u00e9 apelado 4\u00ba OFICIAL DE REGISTRO DE IM\u00d3VEIS DA CAPITAL. ACORDAM,\u00a0em Conselho Superior da Magistratura do Tribunal de Justi\u00e7a de S\u00e3o Paulo, proferir a seguinte decis\u00e3o: &#8220;Deram provimento [&hellip;]<\/p>\n","protected":false},"author":4,"featured_media":0,"comment_status":"closed","ping_status":"open","sticky":false,"template":"","format":"standard","meta":{"footnotes":""},"categories":[37],"tags":[],"class_list":["post-20147","post","type-post","status-publish","format-standard","hentry","category-csm-sao-paulo"],"_links":{"self":[{"href":"https:\/\/www.26notas.com.br\/blog\/index.php?rest_route=\/wp\/v2\/posts\/20147","targetHints":{"allow":["GET"]}}],"collection":[{"href":"https:\/\/www.26notas.com.br\/blog\/index.php?rest_route=\/wp\/v2\/posts"}],"about":[{"href":"https:\/\/www.26notas.com.br\/blog\/index.php?rest_route=\/wp\/v2\/types\/post"}],"author":[{"embeddable":true,"href":"https:\/\/www.26notas.com.br\/blog\/index.php?rest_route=\/wp\/v2\/users\/4"}],"replies":[{"embeddable":true,"href":"https:\/\/www.26notas.com.br\/blog\/index.php?rest_route=%2Fwp%2Fv2%2Fcomments&post=20147"}],"version-history":[{"count":1,"href":"https:\/\/www.26notas.com.br\/blog\/index.php?rest_route=\/wp\/v2\/posts\/20147\/revisions"}],"predecessor-version":[{"id":20148,"href":"https:\/\/www.26notas.com.br\/blog\/index.php?rest_route=\/wp\/v2\/posts\/20147\/revisions\/20148"}],"wp:attachment":[{"href":"https:\/\/www.26notas.com.br\/blog\/index.php?rest_route=%2Fwp%2Fv2%2Fmedia&parent=20147"}],"wp:term":[{"taxonomy":"category","embeddable":true,"href":"https:\/\/www.26notas.com.br\/blog\/index.php?rest_route=%2Fwp%2Fv2%2Fcategories&post=20147"},{"taxonomy":"post_tag","embeddable":true,"href":"https:\/\/www.26notas.com.br\/blog\/index.php?rest_route=%2Fwp%2Fv2%2Ftags&post=20147"}],"curies":[{"name":"wp","href":"https:\/\/api.w.org\/{rel}","templated":true}]}}