{"id":20109,"date":"2025-01-28T20:13:38","date_gmt":"2025-01-28T23:13:38","guid":{"rendered":"https:\/\/www.26notas.com.br\/blog\/?p=20109"},"modified":"2025-01-28T20:17:25","modified_gmt":"2025-01-28T23:17:25","slug":"2a-vrpsp-pedido-de-providencias-renuncia-de-heranca-expedicao-de-certidao-decisao-trabalhista-reconheceu-a-ineficacia-da-renuncia-em-relacao-a-litigio-especifico-sem-invalidar-o-ato-juridico","status":"publish","type":"post","link":"https:\/\/www.26notas.com.br\/blog\/?p=20109","title":{"rendered":"2\u00aa VRP|SP: Pedido de Provid\u00eancias &#8211; Ren\u00fancia de Heran\u00e7a &#8211; Expedi\u00e7\u00e3o de Certid\u00e3o &#8211; Decis\u00e3o trabalhista reconheceu a inefic\u00e1cia da ren\u00fancia em rela\u00e7\u00e3o a lit\u00edgio espec\u00edfico, sem invalidar o ato jur\u00eddico &#8211; Ato considerado v\u00e1lido nos planos da exist\u00eancia e validade, com limita\u00e7\u00e3o de efic\u00e1cia apenas no caso concreto &#8211; Emiss\u00e3o da certid\u00e3o deferida."},"content":{"rendered":"<p style=\"text-align: center;\"><img loading=\"lazy\" decoding=\"async\" class=\"alignnone size-full wp-image-17527\" src=\"https:\/\/www.26notas.com.br\/blog\/wp-content\/uploads\/2017\/04\/Decis\u00f5es-1\u00aa-e-2\u00aa-Varas-de-Registros-P\u00fablicos1-e1665518573183.png\" alt=\"\" width=\"420\" height=\"308\" srcset=\"https:\/\/www.26notas.com.br\/blog\/wp-content\/uploads\/2017\/04\/Decis\u00f5es-1\u00aa-e-2\u00aa-Varas-de-Registros-P\u00fablicos1-e1665518573183.png 420w, https:\/\/www.26notas.com.br\/blog\/wp-content\/uploads\/2017\/04\/Decis\u00f5es-1\u00aa-e-2\u00aa-Varas-de-Registros-P\u00fablicos1-e1665518573183-300x220.png 300w\" sizes=\"auto, (max-width: 420px) 100vw, 420px\" \/><\/p>\n<p><strong>Senten\u00e7a<\/strong><\/p>\n<p>Processo n\u00ba: 1123810-20.2022.8.26.0100 &#8211; Pedido de Provid\u00eancias<br \/>\nRequerente: N. D. F. L.<br \/>\nJuiz(a) de Direito: Dr(a). Marcelo Benacchio<\/p>\n<p><strong>Vistos,<\/strong><\/p>\n<p>Trata-se de pedido de provid\u00eancias decorrente da negativa do Sr. Tabeli\u00e3o de Notas da Comarca da Capital na expedi\u00e7\u00e3o de certid\u00e3o de escritura p\u00fablica de ren\u00fancia \u00e0 heran\u00e7a (a fls. 01\/06).<\/p>\n<p>O Sr. Tabeli\u00e3o ressaltou a impossibilidade da expedi\u00e7\u00e3o de certid\u00e3o em raz\u00e3o da Justi\u00e7a do Trabalho haver reconhecido a inefic\u00e1cia da ren\u00fancia \u00e0 heran\u00e7a (a fls. 11\/15).<\/p>\n<p>O parecer do Minist\u00e9rio P\u00fablico foi no sentido da expedi\u00e7\u00e3o da certid\u00e3o (a fls. 19\/21).<\/p>\n<p><strong>\u00c9 o breve relat\u00f3rio.<\/strong><\/p>\n<p><strong>Decido.<\/strong><\/p>\n<p>O requerente demonstra interesse jur\u00eddico na certid\u00e3o em virtude de a\u00e7\u00e3o de execu\u00e7\u00e3o que move em face do renunciante.<\/p>\n<p>A decis\u00e3o da Justi\u00e7a do Trabalho reconheceu a inefic\u00e1cia da ren\u00fancia \u00e0 heran\u00e7a perante os direitos em lit\u00edgio na a\u00e7\u00e3o em quest\u00e3o.<\/p>\n<p>Portanto, a decis\u00e3o judicial reconheceu a inefic\u00e1cia da ren\u00fancia \u00e0 heran\u00e7a perante a reclamante, de modo que o neg\u00f3cio jur\u00eddico n\u00e3o pode ser oposto \u00e0quela somente.<\/p>\n<p>Nessa perspectiva, o neg\u00f3cio jur\u00eddico permanece h\u00edgido no plano da exist\u00eancia e da validade, t\u00e3o s\u00f3 houve limita\u00e7\u00e3o espec\u00edfica da efic\u00e1cia, conforme averbado no ato notarial em quest\u00e3o.<\/p>\n<p>Por essas raz\u00f5es e as apresentadas pelo culto Dr. Rog\u00e9rio Alvarez de Oliveira, 1\u00ba Promotor de Registros P\u00fablicos em seu parecer, compete afastar a negativa do Sr. Tabeli\u00e3o e determinar a expedi\u00e7\u00e3o de certid\u00e3o do ato notarial.<\/p>\n<p><strong>Ante ao exposto, defiro a expedi\u00e7\u00e3o da certid\u00e3o do ato notarial em quest\u00e3o.<\/strong><\/p>\n<p>Ci\u00eancia ao Sr. Tabeli\u00e3o e ao Minist\u00e9rio P\u00fablico.<\/p>\n<p><strong>P.I.C.<\/strong><\/p>\n<p>S\u00e3o Paulo, 14 de dezembro de 2022.<\/p>\n<p><strong>Dr. Marcelo Benacchio<\/strong><br \/>\nJuiz de Direito<\/p>\n<p>(DJe de 16.12.2022 \u2013 SP)<\/p>\n<div id=\"acfifjfajpekbmhmjppnmmjgmhjkildl\" class=\"acfifjfajpekbmhmjppnmmjgmhjkildl\"><\/div>\n<div id=\"icpbravoaccess_loaded\"><\/div>\n","protected":false},"excerpt":{"rendered":"<p>Senten\u00e7a Processo n\u00ba: 1123810-20.2022.8.26.0100 &#8211; Pedido de Provid\u00eancias Requerente: N. D. F. L. Juiz(a) de Direito: Dr(a). Marcelo Benacchio Vistos, Trata-se de pedido de provid\u00eancias decorrente da negativa do Sr. Tabeli\u00e3o de Notas da Comarca da Capital na expedi\u00e7\u00e3o de certid\u00e3o de escritura p\u00fablica de ren\u00fancia \u00e0 heran\u00e7a (a fls. 01\/06). O Sr. Tabeli\u00e3o ressaltou [&hellip;]<\/p>\n","protected":false},"author":4,"featured_media":0,"comment_status":"closed","ping_status":"open","sticky":false,"template":"","format":"standard","meta":{"footnotes":""},"categories":[19],"tags":[],"class_list":["post-20109","post","type-post","status-publish","format-standard","hentry","category-corregedoria-permanente-1a-e-2a-vara"],"_links":{"self":[{"href":"https:\/\/www.26notas.com.br\/blog\/index.php?rest_route=\/wp\/v2\/posts\/20109","targetHints":{"allow":["GET"]}}],"collection":[{"href":"https:\/\/www.26notas.com.br\/blog\/index.php?rest_route=\/wp\/v2\/posts"}],"about":[{"href":"https:\/\/www.26notas.com.br\/blog\/index.php?rest_route=\/wp\/v2\/types\/post"}],"author":[{"embeddable":true,"href":"https:\/\/www.26notas.com.br\/blog\/index.php?rest_route=\/wp\/v2\/users\/4"}],"replies":[{"embeddable":true,"href":"https:\/\/www.26notas.com.br\/blog\/index.php?rest_route=%2Fwp%2Fv2%2Fcomments&post=20109"}],"version-history":[{"count":4,"href":"https:\/\/www.26notas.com.br\/blog\/index.php?rest_route=\/wp\/v2\/posts\/20109\/revisions"}],"predecessor-version":[{"id":20113,"href":"https:\/\/www.26notas.com.br\/blog\/index.php?rest_route=\/wp\/v2\/posts\/20109\/revisions\/20113"}],"wp:attachment":[{"href":"https:\/\/www.26notas.com.br\/blog\/index.php?rest_route=%2Fwp%2Fv2%2Fmedia&parent=20109"}],"wp:term":[{"taxonomy":"category","embeddable":true,"href":"https:\/\/www.26notas.com.br\/blog\/index.php?rest_route=%2Fwp%2Fv2%2Fcategories&post=20109"},{"taxonomy":"post_tag","embeddable":true,"href":"https:\/\/www.26notas.com.br\/blog\/index.php?rest_route=%2Fwp%2Fv2%2Ftags&post=20109"}],"curies":[{"name":"wp","href":"https:\/\/api.w.org\/{rel}","templated":true}]}}