{"id":19975,"date":"2024-10-22T10:59:48","date_gmt":"2024-10-22T13:59:48","guid":{"rendered":"https:\/\/www.26notas.com.br\/blog\/?p=19975"},"modified":"2024-10-22T10:59:48","modified_gmt":"2024-10-22T13:59:48","slug":"csmsp-registro-de-imoveis-escritura-de-venda-e-compra-continuidade-registral-e-disponibilidade-tabular-observadas-registro-em-conformidade-com-o-principio-tempus-r","status":"publish","type":"post","link":"https:\/\/www.26notas.com.br\/blog\/?p=19975","title":{"rendered":"CSM|SP: Registro de im\u00f3veis \u2013 Escritura de Venda e Compra \u2013 Continuidade Registral e disponibilidade tabular observadas \u2013 Registro em conformidade com o princ\u00edpio\u00a0tempus regit actum\u00a0\u2013 Cess\u00f5es contratuais intermedi\u00e1rias n\u00e3o inscritas na matr\u00edcula \u2013 Realidade extratabular \u2013 Contratos apenas circunstancialmente mencionados no t\u00edtulo, referidos para contextualizar a cadeia de transmiss\u00f5es extratabulares \u2013 Ordens de indisponibilidade em rela\u00e7\u00e3o a dois dos cedentes decretadas posteriormente \u00e0s opera\u00e7\u00f5es econ\u00f4micas \u2013 Cancelamento pr\u00e9vio prescind\u00edvel \u2013 Tempus regit factum \u2013 Exig\u00eancia afastada \u2013 D\u00favida improcedente \u2013 Recurso provido."},"content":{"rendered":"<p style=\"text-align: center;\"><img loading=\"lazy\" decoding=\"async\" class=\"alignnone size-full wp-image-17524\" src=\"https:\/\/www.26notas.com.br\/blog\/wp-content\/uploads\/2017\/04\/Decis\u00e7\u00f5es-CSM1-e1665517214806.png\" alt=\"\" width=\"420\" height=\"225\" srcset=\"https:\/\/www.26notas.com.br\/blog\/wp-content\/uploads\/2017\/04\/Decis\u00e7\u00f5es-CSM1-e1665517214806.png 420w, https:\/\/www.26notas.com.br\/blog\/wp-content\/uploads\/2017\/04\/Decis\u00e7\u00f5es-CSM1-e1665517214806-300x161.png 300w\" sizes=\"auto, (max-width: 420px) 100vw, 420px\" \/><\/p>\n<p><strong>AC\u00d3RD\u00c3O<\/strong><\/p>\n<p>Vistos, relatados e discutidos estes autos de\u00a0<strong>Apela\u00e7\u00e3o C\u00edvel n\u00ba 1001677-54.2024.8.26.0019<\/strong>, da Comarca de\u00a0<strong>Americana<\/strong>, em que \u00e9 apelante\u00a0<strong>VILLAGIO 020102 EMPREENDIMENTOS IMOBILI\u00c1RIOS SPE LTDA<\/strong>, \u00e9 apelado\u00a0<strong>OFICIAL DE REGISTRO DE IMOVEIS E ANEXOS DA COMARCA DE AMERICANA.<\/strong><\/p>\n<p><strong>ACORDAM,\u00a0<\/strong>em Conselho Superior da Magistratura do Tribunal de Justi\u00e7a de S\u00e3o Paulo, proferir a seguinte decis\u00e3o:\u00a0<strong>&#8220;Deram provimento \u00e0 apela\u00e7\u00e3o e julgaram improcedente a d\u00favida, determinando o registro da escritura de venda e compra de fls. 16-21, prenotada sob o n\u00ba 404012, objeto da nota devolutiva n\u00ba 70.920, v.u.&#8221;,<\/strong>\u00a0de conformidade com o voto do Relator, que integra este ac\u00f3rd\u00e3o.<\/p>\n<p>O julgamento teve a participa\u00e7\u00e3o dos Exmos. Desembargadores\u00a0<strong>FERNANDO TORRES GARCIA (PRESIDENTE TRIBUNAL DE JUSTI\u00c7A) (Presidente), BERETTA DA SILVEIRA (VICE PRESIDENTE), XAVIER DE AQUINO (DECANO), TORRES DE CARVALHO(PRES. SE\u00c7\u00c3O DE DIREITO P\u00daBLICO), HERALDO DE OLIVEIRA (PRES. SE\u00c7\u00c3O DE DIREITO PRIVADO) E CAMARGO ARANHA FILHO(PRES. SE\u00c7\u00c3O DE DIREITO CRIMINAL).<\/strong><\/p>\n<p>S\u00e3o Paulo, 10 de outubro de 2024.<\/p>\n<p><strong>FRANCISCO LOUREIRO<\/strong><\/p>\n<p><strong>Corregedor Geral da Justi\u00e7a e Relator<\/strong><\/p>\n<p><strong>APELA\u00c7\u00c3O C\u00cdVEL n\u00ba 1001677-54.2024.8.26.0019<\/strong><\/p>\n<p><strong>Apelante: Villagio 020102 Empreendimentos Imobili\u00e1rios SPE Ltda<\/strong><\/p>\n<p><strong>Apelado: Oficial de Registro de Imoveis e Anexos da Comarca de Americana<\/strong><\/p>\n<p><strong>VOTO N\u00ba 43.592<\/strong><\/p>\n<p><strong>Registro de im\u00f3veis \u2013 Escritura de Venda e Compra \u2013 Continuidade Registral e disponibilidade tabular observadas \u2013 Registro em conformidade com o princ\u00edpio\u00a0<em>tempus regit actum\u00a0<\/em>\u2013 Cess\u00f5es contratuais intermedi\u00e1rias n\u00e3o inscritas na matr\u00edcula \u2013 Realidade extratabular \u2013 Contratos apenas circunstancialmente mencionados no t\u00edtulo, referidos para contextualizar a cadeia de transmiss\u00f5es extratabulares \u2013 Ordens de indisponibilidade em rela\u00e7\u00e3o a dois dos cedentes decretadas posteriormente \u00e0s opera\u00e7\u00f5es econ\u00f4micas \u2013 Cancelamento pr\u00e9vio prescind\u00edvel \u2013 Tempus regit factum \u2013 Exig\u00eancia afastada \u2013 D\u00favida improcedente \u2013 Recurso provido.<\/strong><\/p>\n<p>A suscitada, inconformada com a r. senten\u00e7a de fls. 66-69, que confirmou o ju\u00edzo negativo de qualifica\u00e7\u00e3o registral, interp\u00f4s apela\u00e7\u00e3o.<\/p>\n<p>Questiona a exig\u00eancia levantada pelo Oficial, afirmando que as indisponibilidades em nome de Renato de Caroli e Eliana Aparecida Botasso de Caroli, terceiros em rela\u00e7\u00e3o \u00e0 compra e venda, n\u00e3o obstam o registro da escritura p\u00fablica correspondente (fls. 83-96). Aguarda, logo, o julgamento improcedente da d\u00favida, a reforma do resolvido em primeira inst\u00e2ncia.<\/p>\n<p>A Procuradoria Geral da Justi\u00e7a, em seu parecer, manifestou-se pelo desprovimento do recurso.<\/p>\n<p><strong>\u00c9 o relat\u00f3rio<\/strong>.<\/p>\n<p>O dissenso versa a respeito da registrabilidade da escritura p\u00fablica de venda e compra de fls. 16-21, lavrada no dia 6 de outubro de 2023, contrato ajustado entre a propriet\u00e1ria tabular, a vendedora Anagro Agropecu\u00e1ria Ltda, e a suscitada\/recorrente, ent\u00e3o adquirente do bem im\u00f3vel identificado na matr\u00edcula n.\u00ba 102.983 do RI de Americana.<\/p>\n<p>O Oficial, ao suscitar a d\u00favida, escorando-se na nota devolutiva n.\u00ba 70.920 (fls. 32-34), relacionada \u00e0 prenota\u00e7\u00e3o n.\u00ba 404.012 (efetuada no dia 10 de janeiro de 2024), condicionou o registro ao cancelamento das indisponibilidades em nome de Renato de Caroli e Eliana Aparecida Botasso de Caroli (fls. 1-5), ambos indicados, na escritura, ao lado de outros terceiros, como cedentes de direitos.<\/p>\n<p>As indisponibilidades arroladas pelo Oficial n\u00e3o atingem a situa\u00e7\u00e3o jur\u00eddica da vendedora, pessoa em nome de quem registrado o im\u00f3vel, quer dizer, n\u00e3o afetam sua legitimidade para dele dispor; sob outro prisma, em aten\u00e7\u00e3o ao hist\u00f3rico negocial detalhado no t\u00edtulo, inexistiam ao tempo da cess\u00e3o de direitos conclu\u00edda pelos cedentes Renato de Caroli e Eliana Aparecida Botasso de Caroli.<\/p>\n<p>Considerada a realidade tabular, enfim, as condi\u00e7\u00f5es registrais vigentes por ocasi\u00e3o da prenota\u00e7\u00e3o, as ordens judiciais de indisponibilidade, n\u00e3o averbadas na matr\u00edcula n.\u00ba 102.983 do RI de Americana, estranhas \u00e0 propriet\u00e1ria tabular, n\u00e3o obstam a inscri\u00e7\u00e3o constitutiva pretendida, que est\u00e1 em conformidade com o princ\u00edpio do trato sucessivo e a disponibilidade registral (tabular).<\/p>\n<p>O registro requerido tem respaldo na titularidade de direito inscrita na matr\u00edcula, preservando a integridade da cadeia de titularidade de direitos reais; por outro lado, a aptid\u00e3o registral do t\u00edtulo aquisitivo n\u00e3o \u00e9 afetada pelas indisponibilidades enumeradas pelo Oficial, desprovidas de for\u00e7a,\u00a0<em>in concreto<\/em>, para obstar o acesso da escritura de venda e compra ao \u00e1lbum imobili\u00e1rio.<\/p>\n<p>Ao outorgar a escritura p\u00fablica de venda e compra, a propriet\u00e1ria tabular, retendo, \u00e0 \u00e9poca, um dom\u00ednio formal, conservando uma propriedade nua, vazia, apenas cumpriu um dever seu, escorada em sua titularidade formal e em sua autonomia privada, n\u00e3o alcan\u00e7ada pelos comandos de indisponibilidade.<\/p>\n<p>O t\u00edtulo formaliza um neg\u00f3cio jur\u00eddico vinculado, devido, &#8220;o neg\u00f3cio jur\u00eddico \u00e9, a\u00ed, pagamento&#8221;[1], e sua inscri\u00e7\u00e3o realiza o princ\u00edpio da seguran\u00e7a jur\u00eddica, concorrendo para a estabiliza\u00e7\u00e3o das rela\u00e7\u00f5es jur\u00eddicas; ajusta-se, ademais, ao princ\u00edpio\u00a0<em>tempus regit actum<\/em>, conforma-se com a legisla\u00e7\u00e3o vigente e as normas registrais; ao tempo da prenota\u00e7\u00e3o, n\u00e3o havia obst\u00e1culos ao registro.<\/p>\n<p>Neg\u00f3cios jur\u00eddicos extr\u00ednsecos ao registro, ent\u00e3o alheios \u00e0 matr\u00edcula, extratabulares, em particular, aqui, as cess\u00f5es de posi\u00e7\u00f5es contratuais mencionadas na escritura de venda e compra, cess\u00f5es intermedi\u00e1rias, l\u00e1 descritas apenas para contextualizar a cadeia de sucess\u00f5es, e melhor justificar a outorga do t\u00edtulo, n\u00e3o se prestam, na hip\u00f3tese vertente, a bloquear o registro.<\/p>\n<p>O controle dessas cess\u00f5es, n\u00e3o levadas a registro, n\u00e3o submetidas \u00e0 qualifica\u00e7\u00e3o registral, n\u00e3o compete ao Oficial. No que interessa, apenas se, \u00e0 luz da cadeia de transmiss\u00f5es extratabulares no t\u00edtulo exposta em perspectiva hist\u00f3rica, apurasse, em consulta \u00e0 Central Nacional de Indisponibilidade de Bens, cess\u00f5es contratuais contr\u00e1rias \u00e0s ordens de indisponibilidades, caber-lhe-ia recusar o registro, no entanto, caso tivessem sido decretadas anteriormente aos neg\u00f3cios jur\u00eddicos dispositivos que as afrontariam.<\/p>\n<p>Prevalece, nessa situa\u00e7\u00e3o, relacionada a t\u00edtulos n\u00e3o enviados a registro, abordados\u00a0<em>en passant<\/em>, circunstancialmente, apenas para revelar a cadeia de transmiss\u00f5es, a diretriz\u00a0<em>tempus regit factum<\/em>. Assim, sobre o tema, ajusta-se a compreens\u00e3o deste C. Conselho Superior da Magistratura, expressa, originariamente, na Apela\u00e7\u00e3o n.\u00ba 0043598-78.2012.8.26.0100, rel. Des. Renato Nalini, j. 26.9.2013, para limitar o controle registral da disponibilidade, em rela\u00e7\u00e3o \u00e0s cess\u00f5es contratuais intermedi\u00e1rias n\u00e3o levadas a registro, que deve considerar as datas das contrata\u00e7\u00f5es, e n\u00e3o a da prenota\u00e7\u00e3o.<\/p>\n<p>Ocorre que as ordens listadas na nota devolutiva s\u00e3o, todas, supervenientes \u00e0\u00a0<em>cess\u00e3o e transfer\u00eancia de direitos e obriga\u00e7\u00f5es<\/em>\u00a0aperfei\u00e7oada entre, de um lado, Renato de Caroli e Eliana Aparecida Botasso de Caroli (aqueles a quem se referem as ordens de indisponibilidade) e, de outro, Rodrigo Mascarenhas Machado e Helen Ostan dos Santos Machado.<\/p>\n<p>Trata-se de neg\u00f3cio jur\u00eddico datado de 13 de maio de 2016, antecedido pela promessa de venda e compra que pactuaram, no dia 22 de novembro de 2012, com a vendedora, propriet\u00e1ria tabular, e sucedido pelas cess\u00f5es contratuais ajustadas (por Rodrigo Mascarenhas Machado e Helen Ostan dos Santos Machado) com a LTB Incorporadora de Im\u00f3veis Ltda., no dia 6 de abril de 2017, e por esta, em 8 de agosto de 2023, com a suscitada\/recorrente.<\/p>\n<p>J\u00e1 as indisponibilidade n\u00bas 202108.2611.00923608-IA-220, 202108.2611.00923614-IA-700, 202003.0210.01078426-IA-220, 202004.2910.01131911-IA-070 e 202311.1614.03035652-IA-190, ent\u00e3o relativas, as duas primeiras, ao processo n\u00ba 1004081-59.2016.8.26.0019, as outras duas, ao processo n\u00ba 1012324-95.2016.8.26.0114, e, a \u00faltima, ao processo n\u00ba 0010070-33.2020.5.15.0099, foram todas comandadas a partir de 2019.<\/p>\n<p>Nessa senda, ao cederem os seus direitos sobre o bem im\u00f3vel descrito na matr\u00edcula n.\u00ba 102.983 do RI de Americana, no ano de 2016, Renato de Caroli e Eliana Aparecida Botasso de Caroli n\u00e3o estavam privados do poder (da faculdade) de aliena\u00e7\u00e3o, n\u00e3o lhes faltava legitimidade, legitima\u00e7\u00e3o, esta entendida, conforme esc\u00f3lio de Antonio Junqueira de Azevedo, como\u00a0<em>poder de dispor<\/em>, &#8220;uma\u00a0<em>condi\u00e7\u00e3o de efic\u00e1cia<\/em>\u00a0dos neg\u00f3cios de disposi\u00e7\u00e3o.&#8221;[2]<\/p>\n<p>Titulares dos direitos cedidos, deles, ao tempo da cess\u00e3o contratual, Renato de Caroli e Eliana Aparecida Botasso de Caroli podiam dispor, portanto, a exig\u00eancia apresentada pelo Oficial, condicionando o registro da escritura p\u00fablica de venda e compra ao cancelamento das indisponibilidades, deve ser afastada.<\/p>\n<p>Diante do exposto, pelo meu voto, dou provimento \u00e0 apela\u00e7\u00e3o e, nessa linha, julgo improcedente a d\u00favida, determinando o registro da escritura de venda e compra de fls. 16-21, prenotada sob o n.\u00ba 404012, objeto da nota devolutiva n.\u00ba 70.920.<\/p>\n<p><strong>FRANCISCO LOUREIRO<\/strong><\/p>\n<p><strong>Corregedor Geral da Justi\u00e7a e Relator<\/strong><\/p>\n<p><strong>Nota:<\/strong><\/p>\n<p>[1]\u00a0Antonio Junqueira de Azevedo.\u00a0<em>Neg\u00f3cio jur\u00eddico e declara\u00e7\u00e3o negocial<\/em>:\u00a0<em>no\u00e7\u00f5es gerais e forma\u00e7\u00e3o da declara\u00e7\u00e3o negocial<\/em>. Tese de titularidade \u2013 Faculdade de Direito da Universidade de S\u00e3o Paulo, S\u00e3o Paulo, 1986, p. 218-219.<\/p>\n<p>[2]<em>Neg\u00f3cio jur\u00eddico e declara\u00e7\u00e3o negocial\u00a0<\/em>&#8230;,\u00a0<em>op<\/em>.\u00a0<em>cit<\/em>., p. 155-157.<\/p>\n<p>(DJe de 22.10.2024 \u2013 SP)<\/p>\n<div id=\"acfifjfajpekbmhmjppnmmjgmhjkildl\" class=\"acfifjfajpekbmhmjppnmmjgmhjkildl\"><\/div>\n<div id=\"icpbravoaccess_loaded\"><\/div>\n","protected":false},"excerpt":{"rendered":"<p>AC\u00d3RD\u00c3O Vistos, relatados e discutidos estes autos de\u00a0Apela\u00e7\u00e3o C\u00edvel n\u00ba 1001677-54.2024.8.26.0019, da Comarca de\u00a0Americana, em que \u00e9 apelante\u00a0VILLAGIO 020102 EMPREENDIMENTOS IMOBILI\u00c1RIOS SPE LTDA, \u00e9 apelado\u00a0OFICIAL DE REGISTRO DE IMOVEIS E ANEXOS DA COMARCA DE AMERICANA. ACORDAM,\u00a0em Conselho Superior da Magistratura do Tribunal de Justi\u00e7a de S\u00e3o Paulo, proferir a seguinte decis\u00e3o:\u00a0&#8220;Deram provimento \u00e0 apela\u00e7\u00e3o e [&hellip;]<\/p>\n","protected":false},"author":4,"featured_media":0,"comment_status":"closed","ping_status":"open","sticky":false,"template":"","format":"standard","meta":{"footnotes":""},"categories":[37],"tags":[],"class_list":["post-19975","post","type-post","status-publish","format-standard","hentry","category-csm-sao-paulo"],"_links":{"self":[{"href":"https:\/\/www.26notas.com.br\/blog\/index.php?rest_route=\/wp\/v2\/posts\/19975","targetHints":{"allow":["GET"]}}],"collection":[{"href":"https:\/\/www.26notas.com.br\/blog\/index.php?rest_route=\/wp\/v2\/posts"}],"about":[{"href":"https:\/\/www.26notas.com.br\/blog\/index.php?rest_route=\/wp\/v2\/types\/post"}],"author":[{"embeddable":true,"href":"https:\/\/www.26notas.com.br\/blog\/index.php?rest_route=\/wp\/v2\/users\/4"}],"replies":[{"embeddable":true,"href":"https:\/\/www.26notas.com.br\/blog\/index.php?rest_route=%2Fwp%2Fv2%2Fcomments&post=19975"}],"version-history":[{"count":1,"href":"https:\/\/www.26notas.com.br\/blog\/index.php?rest_route=\/wp\/v2\/posts\/19975\/revisions"}],"predecessor-version":[{"id":19976,"href":"https:\/\/www.26notas.com.br\/blog\/index.php?rest_route=\/wp\/v2\/posts\/19975\/revisions\/19976"}],"wp:attachment":[{"href":"https:\/\/www.26notas.com.br\/blog\/index.php?rest_route=%2Fwp%2Fv2%2Fmedia&parent=19975"}],"wp:term":[{"taxonomy":"category","embeddable":true,"href":"https:\/\/www.26notas.com.br\/blog\/index.php?rest_route=%2Fwp%2Fv2%2Fcategories&post=19975"},{"taxonomy":"post_tag","embeddable":true,"href":"https:\/\/www.26notas.com.br\/blog\/index.php?rest_route=%2Fwp%2Fv2%2Ftags&post=19975"}],"curies":[{"name":"wp","href":"https:\/\/api.w.org\/{rel}","templated":true}]}}