{"id":18011,"date":"2023-05-09T11:05:00","date_gmt":"2023-05-09T14:05:00","guid":{"rendered":"https:\/\/www.26notas.com.br\/blog\/?p=18011"},"modified":"2023-05-09T11:05:00","modified_gmt":"2023-05-09T14:05:00","slug":"1a-vrpsp-registro-de-imoveis-usucapiao-extrajudicial-impugnacao-generica-desprovida-de-qualquer-suporte-probatorio-ata-notarial-que-demonstra-a-atestacao-da-posse-in","status":"publish","type":"post","link":"https:\/\/www.26notas.com.br\/blog\/?p=18011","title":{"rendered":"1\u00aa VRP|SP: Registro de Im\u00f3veis \u2013 Usucapi\u00e3o Extrajudicial &#8211; Impugna\u00e7\u00e3o gen\u00e9rica \u2013 Desprovida de qualquer suporte probat\u00f3rio \u2013 Ata notarial que demonstra a atesta\u00e7\u00e3o da posse, inclusive com fotos \u2013 Impugna\u00e7\u00e3o rejeitada."},"content":{"rendered":"<p style=\"text-align: center;\"><img loading=\"lazy\" decoding=\"async\" class=\"alignnone wp-image-17527 size-full\" src=\"https:\/\/www.26notas.com.br\/blog\/wp-content\/uploads\/2017\/04\/Decis\u00f5es-1\u00aa-e-2\u00aa-Varas-de-Registros-P\u00fablicos1-e1665518573183.png\" alt=\"\" width=\"420\" height=\"308\" srcset=\"https:\/\/www.26notas.com.br\/blog\/wp-content\/uploads\/2017\/04\/Decis\u00f5es-1\u00aa-e-2\u00aa-Varas-de-Registros-P\u00fablicos1-e1665518573183.png 420w, https:\/\/www.26notas.com.br\/blog\/wp-content\/uploads\/2017\/04\/Decis\u00f5es-1\u00aa-e-2\u00aa-Varas-de-Registros-P\u00fablicos1-e1665518573183-300x220.png 300w\" sizes=\"auto, (max-width: 420px) 100vw, 420px\" \/><\/p>\n<p><strong>SENTEN\u00c7A<\/strong><\/p>\n<p>Processo n\u00ba:\u00a0<strong>1032941-74.2023.8.26.0100<\/strong><\/p>\n<p>Classe &#8211; Assunto\u00a0<strong>D\u00favida &#8211; Registro de Im\u00f3veis<\/strong><\/p>\n<p>Suscitante:\u00a0<strong>11\u00ba Oficial de Registro de Im\u00f3veis da Capital<\/strong><\/p>\n<p>Suscitado:\u00a0<strong>S. E. G. Ltda e outro<\/strong><\/p>\n<p>Juiz(a) de Direito: Dr(a).\u00a0<strong>Luciana Carone Nucci Eug\u00eanio Mahuad<\/strong><\/p>\n<p>Vistos.<\/p>\n<p>Trata-se de d\u00favida suscitada pelo\u00a0<strong>Oficial do 11\u00ba Registro de Im\u00f3veis da Capital\u00a0<\/strong>em decorr\u00eancia de impugna\u00e7\u00e3o contra requerimento de\u00a0<strong>S. E. G. E. <\/strong>pelo reconhecimento extrajudicial de usucapi\u00e3o de terreno inserido em \u00e1rea maior matriculada sob n. 206.653 naquela serventia (prenota\u00e7\u00e3o n. 1.400.441, de 14 de mar\u00e7o de 2022).<\/p>\n<p>A parte suscitada aduz que, quando da aquisi\u00e7\u00e3o dos im\u00f3veis das matr\u00edculas n. 150.231 (lote 02), 150.232 (lote 04) e 150.233 (lote 03) por escritura p\u00fablica devidamente registrada em 05 de maio de 2008, assumiu a posse da \u00e1rea usucapienda, sem qualquer impugna\u00e7\u00e3o.<\/p>\n<p>Iniciada a fase de notifica\u00e7\u00e3o, houve impugna\u00e7\u00e3o por parte de\u00a0<strong>S. M. M. B., <\/strong>a qual aduz ser propriet\u00e1ria do bem desde 02\/11\/2005 (partilha em virtude do falecimento de seus genitores); que o im\u00f3vel est\u00e1 locado a terceiro e que desconhece contrato celebrado em 2008.<\/p>\n<p>A parte interessada foi intimada a se manifestar e reiterou a tese de posse mansa e pac\u00edfica, sendo infundada a impugna\u00e7\u00e3o, notadamente porque gen\u00e9rica.<\/p>\n<p>Tentativa de acordo n\u00e3o poss\u00edvel.<\/p>\n<p>Na sequ\u00eancia, o Oficial reputou a impugna\u00e7\u00e3o infundada, haja vista que vincula mat\u00e9ria estranha \u00e0 usucapi\u00e3o e n\u00e3o se encaixa nas hip\u00f3teses do item 429.2, Cap. XX, das NSCGJ, encaminhando os autos a ju\u00edzo (item 429.4, Cap. XX, das NSCGJ).<\/p>\n<p>Houve not\u00edcia, ainda, de impugna\u00e7\u00e3o intempestiva apresentada pelo copropriet\u00e1rio\u00a0<strong>J. M.<\/strong>, nos mesmos moldes da impugna\u00e7\u00e3o de S. M. M. B. (fls. 135\/137).<\/p>\n<p>Documentos vieram \u00e0s fls. 06\/173.<\/p>\n<p>A decis\u00e3o de fls. 174\/175 determinou a corre\u00e7\u00e3o do rito de acordo com o item 420.3, Cap. XX, NSCGJ, o que foi cumprido, com apresenta\u00e7\u00e3o de recurso por S. M. e contrarraz\u00f5es pela parte suscitada (fls. 180\/182 e 183\/195).<\/p>\n<p>A parte recorrente alega que \u00e9 a propriet\u00e1ria, que exerce posse mansa e pac\u00edfica desde novembro de 2005; que o im\u00f3vel est\u00e1 alugado; que desconhece contrato celebrado em 2008; que falta prova do preenchimento dos requisitos legais da usucapi\u00e3o (pagamento de tributos); que se faz necess\u00e1ria a notifica\u00e7\u00e3o dos demais propriet\u00e1rios do im\u00f3vel; que s\u00e3o os propriet\u00e1rios que pagam o IPTU sobre o im\u00f3vel; que a audi\u00eancia de tentativa de concilia\u00e7\u00e3o \u00e9 nula pela aus\u00eancia de participa\u00e7\u00e3o dos demais propriet\u00e1rios; que h\u00e1 controv\u00e9rsia f\u00e1tica, o que torna necess\u00e1ria prova t\u00e9cnica e impede o acolhimento do pedido (fls. 190\/195).<\/p>\n<p>A parte recorrida, por sua vez, reiterou a tese de que a impugna\u00e7\u00e3o \u00e9 gen\u00e9rica e desprovida de provas, al\u00e9m de contr\u00e1ria a toda a evid\u00eancia que produziu.<\/p>\n<p>O Minist\u00e9rio P\u00fablico opinou pelo reconhecimento de que a impugna\u00e7\u00e3o \u00e9 infundada (fls. 198\/200).<\/p>\n<p><strong>\u00c9 o relat\u00f3rio.<\/strong><\/p>\n<p><strong>Fundamento e Decido.<\/strong><\/p>\n<p>O procedimento de usucapi\u00e3o extrajudicial tem como principal requisito a inexist\u00eancia de lide, de modo que, apresentada qualquer impugna\u00e7\u00e3o, a via judicial se torna necess\u00e1ria, cabendo ao requerente emendar a peti\u00e7\u00e3o inicial para adequ\u00e1-la ao procedimento comum nos termos do \u00a710, do artigo 216-A, da Lei n. 6.015\/73.<\/p>\n<p>As Normas de Servi\u00e7o da Corregedoria do Tribunal de Justi\u00e7a de S\u00e3o Paulo, prestigiando a qualifica\u00e7\u00e3o do Oficial de Registro e a import\u00e2ncia do procedimento extrajudicial, trouxeram pequena flexibiliza\u00e7\u00e3o a tal regra no item 420.5 de seu Cap\u00edtulo XX, permitindo que seja julgada a fundamenta\u00e7\u00e3o da impugna\u00e7\u00e3o, com afastamento daquela claramente impertinente ou protelat\u00f3ria:<\/p>\n<blockquote><p><em>&#8220;420.2. Consideram-se infundadas a impugna\u00e7\u00e3o j\u00e1 examinada e refutada em casos iguais pelo ju\u00edzo competente; a que o interessado se limita a dizer que a usucapi\u00e3o causar\u00e1 avan\u00e7o na sua propriedade sem indicar, de forma plaus\u00edvel, onde e de que forma isso ocorrer\u00e1; a que n\u00e3o cont\u00e9m exposi\u00e7\u00e3o, ainda que sum\u00e1ria, dos motivos da discord\u00e2ncia manifestada; a que ventila mat\u00e9ria absolutamente estranha \u00e0 usucapi\u00e3o.<\/em><\/p>\n<p><em>(&#8230;)<\/em><\/p>\n<p><em>420.5. Em qualquer das hip\u00f3teses acima previstas, os autos da usucapi\u00e3o ser\u00e3o encaminhados ao ju\u00edzo competente que, de plano ou ap\u00f3s instru\u00e7\u00e3o sum\u00e1ria, examinar\u00e1 apenas a pertin\u00eancia da impugna\u00e7\u00e3o e, em seguida, determinar\u00e1 o retorno dos autos ao Oficial de Registro de Im\u00f3veis, que prosseguir\u00e1 no procedimento extrajudicial se a impugna\u00e7\u00e3o for rejeitada, ou o extinguir\u00e1 em cumprimento da decis\u00e3o do ju\u00edzo que acolheu a impugna\u00e7\u00e3o e remeteu os interessados \u00e0s vias ordin\u00e1rias, cancelando-se a prenota\u00e7\u00e3o&#8221;.<\/em><\/p><\/blockquote>\n<p>Como bem esclarece a norma, tal julgamento deve se dar de plano ou ap\u00f3s instru\u00e7\u00e3o sum\u00e1ria, n\u00e3o cabendo ao juiz corregedor permitir a produ\u00e7\u00e3o de prova para que se demonstre a exist\u00eancia de \u00f3bice ao reconhecimento da usucapi\u00e3o.<\/p>\n<p>\u00c9 dizer que, apresentada impugna\u00e7\u00e3o, deve-se apenas verificar se seu car\u00e1ter \u00e9 meramente protelat\u00f3rio ou completamente infundado.<\/p>\n<p>Havendo qualquer ind\u00edcio de veracidade que justifique a exist\u00eancia de conflito de interesses, a via extrajudicial se torna prejudicada, devendo o interessado se valer da via contenciosa, sem preju\u00edzo de utilizar-se dos elementos constantes do procedimento extrajudicial para instruir seu pedido, emendando a peti\u00e7\u00e3o inicial para adequ\u00e1-la ao procedimento comum (item 420.8, Cap. XX, das NSCGJ).<\/p>\n<p>No caso em tela, ambas as impugna\u00e7\u00f5es s\u00e3o no sentido de que S. M. \u00e9 a propriet\u00e1ria, a qual exerce posse mansa e pac\u00edfica sobre o bem desde que o recebeu por sucess\u00e3o.<\/p>\n<p>Entretanto, n\u00e3o vieram acompanhadas de qualquer evid\u00eancia neste sentido.<\/p>\n<p>Note-se que n\u00e3o se comprovou nem ao menos a alega\u00e7\u00e3o de que o im\u00f3vel est\u00e1 alugado, o que seria bastante simples mediante apresenta\u00e7\u00e3o de contrato e recibos de aluguel, ou de que s\u00e3o os propriet\u00e1rios os respons\u00e1veis pelo pagamento dos tributos incidentes sobre ele, o que poderia se dar pela apresenta\u00e7\u00e3o dos comprovantes de quita\u00e7\u00e3o.<\/p>\n<p>J\u00e1 a parte suscitada demonstrou, por meio de ata notarial, ter assumido a posse do terreno ap\u00f3s a aquisi\u00e7\u00e3o de im\u00f3veis vizinhos no ano de 2008 (fls. 73\/84).<\/p>\n<p>Na ata em quest\u00e3o, h\u00e1 refer\u00eancia sobre apresenta\u00e7\u00e3o de contas de \u00e1gua, luz e telefone em nome da parte interessada no per\u00edodo de setembro de 2008 a agosto de 2021, al\u00e9m do lan\u00e7amento de IPTU para o ano de 2022, e sobre a constata\u00e7\u00e3o pelo Tabeli\u00e3o de uso do terreno pela empresa requerente para a pr\u00e1tica de suas atividades, inclusive com fotos.<\/p>\n<p>H\u00e1 que se confirmar, portanto, como infundadas as impugna\u00e7\u00f5es na medida em que gen\u00e9ricas e desprovidas de qualquer suporte probat\u00f3rio.<\/p>\n<p>Note-se, ainda, que a parte recorrente ventila mat\u00e9ria estranha \u00e0 usucapi\u00e3o, sustentando irregularidade no procedimento extrajudicial e necessidade de per\u00edcia.<\/p>\n<p>De fato, o im\u00f3vel est\u00e1 bem identificado, n\u00e3o havendo qualquer d\u00favida quanto \u00e0 sua delimita\u00e7\u00e3o (fls. 73\/84 e 85\/88). A contrata\u00e7\u00e3o noticiada pela parte suscitada, outrossim, n\u00e3o se deu com os propriet\u00e1rios: o requerimento \u00e9 claro no sentido de que, ap\u00f3s a aquisi\u00e7\u00e3o de im\u00f3veis vizinhos, a empresa requerente assumiu a posse da \u00e1rea em quest\u00e3o e passou a utiliz\u00e1-la com\u00a0<em>animus domini\u00a0<\/em>(fls. 59\/72), o que se confirma pelas fotos citadas (fls. 79\/84).<\/p>\n<p>N\u00e3o bastasse isso, constata-se que n\u00e3o h\u00e1 qualquer irregularidade ou invalidade a ser reconhecida no procedimento extrajudicial, que ainda n\u00e3o se encerrou: alguns dos propriet\u00e1rios puderam ser notificados, mas outros ainda n\u00e3o (fls. 02\/03 e 103\/126); a tentativa de concilia\u00e7\u00e3o foi corretamente realizada entre a copropriet\u00e1ria que impugnou tempestivamente o pedido e a parte suscitada, sem qualquer preju\u00edzo para qualquer dos interessados.<\/p>\n<p>Diante do exposto,\u00a0<strong>RATIFICO\u00a0<\/strong>a decis\u00e3o do Oficial,\u00a0<strong>REJEITANDO\u00a0<\/strong>as impugna\u00e7\u00f5es e o recurso apresentados, de modo que o procedimento extrajudicial possa ter regular prosseguimento.<\/p>\n<p>Sem custas, despesas processuais ou honor\u00e1rios advocat\u00edcios.<\/p>\n<p>Oportunamente, remetam-se os autos ao arquivo.<\/p>\n<p>P.R.I.C.<\/p>\n<p>S\u00e3o Paulo, 05 de maio de 2023.<\/p>\n<p>(DJe de 09.05.2023 \u2013 SP)<\/p>\n<div id=\"acfifjfajpekbmhmjppnmmjgmhjkildl\" class=\"acfifjfajpekbmhmjppnmmjgmhjkildl\"><\/div>\n","protected":false},"excerpt":{"rendered":"<p>SENTEN\u00c7A Processo n\u00ba:\u00a01032941-74.2023.8.26.0100 Classe &#8211; Assunto\u00a0D\u00favida &#8211; Registro de Im\u00f3veis Suscitante:\u00a011\u00ba Oficial de Registro de Im\u00f3veis da Capital Suscitado:\u00a0S. E. G. Ltda e outro Juiz(a) de Direito: Dr(a).\u00a0Luciana Carone Nucci Eug\u00eanio Mahuad Vistos. Trata-se de d\u00favida suscitada pelo\u00a0Oficial do 11\u00ba Registro de Im\u00f3veis da Capital\u00a0em decorr\u00eancia de impugna\u00e7\u00e3o contra requerimento de\u00a0S. E. G. E. pelo [&hellip;]<\/p>\n","protected":false},"author":4,"featured_media":0,"comment_status":"closed","ping_status":"open","sticky":false,"template":"","format":"standard","meta":{"footnotes":""},"categories":[19],"tags":[],"class_list":["post-18011","post","type-post","status-publish","format-standard","hentry","category-corregedoria-permanente-1a-e-2a-vara"],"_links":{"self":[{"href":"https:\/\/www.26notas.com.br\/blog\/index.php?rest_route=\/wp\/v2\/posts\/18011","targetHints":{"allow":["GET"]}}],"collection":[{"href":"https:\/\/www.26notas.com.br\/blog\/index.php?rest_route=\/wp\/v2\/posts"}],"about":[{"href":"https:\/\/www.26notas.com.br\/blog\/index.php?rest_route=\/wp\/v2\/types\/post"}],"author":[{"embeddable":true,"href":"https:\/\/www.26notas.com.br\/blog\/index.php?rest_route=\/wp\/v2\/users\/4"}],"replies":[{"embeddable":true,"href":"https:\/\/www.26notas.com.br\/blog\/index.php?rest_route=%2Fwp%2Fv2%2Fcomments&post=18011"}],"version-history":[{"count":1,"href":"https:\/\/www.26notas.com.br\/blog\/index.php?rest_route=\/wp\/v2\/posts\/18011\/revisions"}],"predecessor-version":[{"id":18012,"href":"https:\/\/www.26notas.com.br\/blog\/index.php?rest_route=\/wp\/v2\/posts\/18011\/revisions\/18012"}],"wp:attachment":[{"href":"https:\/\/www.26notas.com.br\/blog\/index.php?rest_route=%2Fwp%2Fv2%2Fmedia&parent=18011"}],"wp:term":[{"taxonomy":"category","embeddable":true,"href":"https:\/\/www.26notas.com.br\/blog\/index.php?rest_route=%2Fwp%2Fv2%2Fcategories&post=18011"},{"taxonomy":"post_tag","embeddable":true,"href":"https:\/\/www.26notas.com.br\/blog\/index.php?rest_route=%2Fwp%2Fv2%2Ftags&post=18011"}],"curies":[{"name":"wp","href":"https:\/\/api.w.org\/{rel}","templated":true}]}}