{"id":17979,"date":"2023-04-19T15:01:39","date_gmt":"2023-04-19T18:01:39","guid":{"rendered":"https:\/\/www.26notas.com.br\/blog\/?p=17979"},"modified":"2023-04-19T15:01:39","modified_gmt":"2023-04-19T18:01:39","slug":"csmsp-registro-de-imoveis-duvida-carta-de-adjudicacao-certidao-negativa-de-tributos-e-contribuicoes-previdenciarias-federais-cnd-rfb-pgfn-exigencia-afastada","status":"publish","type":"post","link":"https:\/\/www.26notas.com.br\/blog\/?p=17979","title":{"rendered":"CSM|SP: Registro de im\u00f3veis \u2013 D\u00favida \u2013 Carta de adjudica\u00e7\u00e3o \u2013 Certid\u00e3o negativa de tributos e contribui\u00e7\u00f5es previdenci\u00e1rias federais (CND RFB\/PGFN) \u2013 Exig\u00eancia afastada, segundo atual orienta\u00e7\u00e3o deste Conselho Superior da Magistratura e do Conselho Nacional de Justi\u00e7a \u2013 NSCGJ, tomo II, cap\u00edtulo XX, item 117.1 \u2013 Apelo provido."},"content":{"rendered":"<p style=\"text-align: center;\"><img loading=\"lazy\" decoding=\"async\" class=\"alignnone wp-image-17524 size-full\" src=\"https:\/\/www.26notas.com.br\/blog\/wp-content\/uploads\/2017\/04\/Decis\u00e7\u00f5es-CSM1-e1665517214806.png\" alt=\"\" width=\"420\" height=\"225\" srcset=\"https:\/\/www.26notas.com.br\/blog\/wp-content\/uploads\/2017\/04\/Decis\u00e7\u00f5es-CSM1-e1665517214806.png 420w, https:\/\/www.26notas.com.br\/blog\/wp-content\/uploads\/2017\/04\/Decis\u00e7\u00f5es-CSM1-e1665517214806-300x161.png 300w\" sizes=\"auto, (max-width: 420px) 100vw, 420px\" \/><\/p>\n<p><strong>AC\u00d3RD\u00c3O<\/strong><\/p>\n<p>Vistos, relatados e discutidos estes autos de\u00a0<strong>Apela\u00e7\u00e3o C\u00edvel n\u00ba 1048932-19.2021.8.26.0114<\/strong>, da Comarca de\u00a0<strong>Campinas<\/strong>, em que \u00e9 apelante\u00a0<strong>PINE ENTRE VERDES EMPREENDIMENTO IMOBILI\u00c1RIO SPE LTDA<\/strong>, \u00e9 apelado\u00a0<strong>4\u00ba OFICIAL DE REGISTRO DE IM\u00d3VEIS DA COMARCA DE CAMPINAS<\/strong>.<\/p>\n<p><strong>ACORDAM,\u00a0<\/strong>em Conselho Superior da Magistratura do Tribunal de Justi\u00e7a de S\u00e3o Paulo, proferir a seguinte decis\u00e3o:\u00a0<strong>&#8220;Deram provimento, v.u.&#8221;<\/strong>, de conformidade com o voto do Relator, que integra este ac\u00f3rd\u00e3o.<\/p>\n<p>O julgamento teve a participa\u00e7\u00e3o dos Exmos. Desembargadores\u00a0<strong>RICARDO ANAFE (PRESIDENTE TRIBUNAL DE JUSTI\u00c7A) (Presidente), XAVIER DE AQUINO (DECANO), BERETTA DA SILVEIRA (PRES. DA SE\u00c7\u00c3O DE DIREITO PRIVADO), WANDERLEY JOS\u00c9 FEDERIGHI(PRES. DA SE\u00c7\u00c3O DE DIREITO P\u00daBLICO), FRANCISCO BRUNO (PRES. SE\u00c7\u00c3O DE DIREITO CRIMINAL) E GUILHERME GON\u00c7ALVES STRENGER (VICE PRESIDENTE)<\/strong>.<\/p>\n<p>S\u00e3o Paulo, 16 de fevereiro de 2023.<\/p>\n<p><strong>FERNANDO ANTONIO TORRES GARCIA<\/strong><\/p>\n<p><strong>Corregedor Geral da Justi\u00e7a<\/strong><\/p>\n<p><strong>Relator<\/strong><\/p>\n<p><strong>APELA\u00c7\u00c3O C\u00cdVEL n\u00ba 1048932-19.2021.8.26.0114<\/strong><\/p>\n<p><strong>APELANTE:\u00a0<em>PINE ENTRE VERDES EMPREENDIMENTO IMOBILI\u00c1RIO SPE LTDA<\/em><\/strong><\/p>\n<p><strong>APELADO: 4\u00ba OFICIAL DE REGISTRO DE IM\u00d3VEIS DA COMARCA DE CAMPINAS<\/strong><\/p>\n<p><strong>VOTO N\u00ba 38.927<\/strong><\/p>\n<p><strong>Registro de im\u00f3veis \u2013 D\u00favida \u2013 Carta de adjudica\u00e7\u00e3o \u2013 Certid\u00e3o negativa de tributos e contribui\u00e7\u00f5es previdenci\u00e1rias federais (CND RFB\/PGFN) \u2013 Exig\u00eancia afastada, segundo atual orienta\u00e7\u00e3o deste Conselho Superior da Magistratura e do Conselho Nacional de Justi\u00e7a \u2013 NSCGJ, tomo II, cap\u00edtulo XX, item 117.1 \u2013 Apelo provido.<\/strong><\/p>\n<p>Cuida-se de apela\u00e7\u00e3o interposta por\u00a0<strong><em>Pine Entre Verdes Empreendimento Imobili\u00e1rio SPE Ltda<\/em><\/strong>. contra a r. senten\u00e7a proferida pelo MM. Juiz Corregedor Permanente do 4\u00ba Oficial de Registro de Im\u00f3veis de Campinas, que manteve \u00f3bice ao registro\u00a0<em>stricto sensu\u00a0<\/em>de carta de adjudica\u00e7\u00e3o expedida nos autos do processo n\u00ba 1014858-12.2016.8.26.0114, da 6\u00aa Vara C\u00edvel daquela Comarca, tendo por objeto o im\u00f3vel matriculado sob n\u00ba 26.033 junto \u00e0 referida serventia extrajudicial, por entender ser necess\u00e1ria a apresenta\u00e7\u00e3o de certid\u00e3o negativa de d\u00e9bitos (CND), ou certid\u00e3o positiva de d\u00e9bito com efeitos de negativa (CPD-EN), expedida pela Receita Federal e pela Procuradoria Geral da Fazenda Nacional (RFB\/PGFN), em nome da transmitente do im\u00f3vel,\u00a0<em>Toscana Desenvolvimento Urbano S\/A<\/em>. (fls. 150\/151).<\/p>\n<p>Alega a apelante, em s\u00edntese, que a exig\u00eancia apresentada pelo registrador contraria jurisprud\u00eancia pac\u00edfica deste Colendo Conselho Superior da Magistratura, que reiteradamente vem afastando a necessidade de apresenta\u00e7\u00e3o da CND em nome da alienante do im\u00f3vel, para registro da transfer\u00eancia de propriedade.<\/p>\n<p>Ressalta que as Normas de Servi\u00e7o da Corregedoria Geral da Justi\u00e7a, expressamente, disp\u00f5em que os Oficiais de Registro n\u00e3o podem exigir, para registro de t\u00edtulo, documento algum relativo a d\u00e9bitos tribut\u00e1rios, exceto o comprovante de recolhimento do imposto de transmiss\u00e3o e do laud\u00eamio, quando devidos (fls. 158\/162).<\/p>\n<p>A douta Procuradoria de Justi\u00e7a opinou pelo provimento da apela\u00e7\u00e3o (fls. 176\/180).<\/p>\n<p><strong>\u00c9 o relat\u00f3rio.<\/strong><\/p>\n<p>Como bem alegado no recurso e ratificado pela ilustre Procuradoria Geral da Justi\u00e7a, o disposto pela al\u00ednea \u201cb\u201d do inciso I do art. 47, da Lei n\u00ba 8.212, de 24 de julho de 1991, n\u00e3o \u00e9 requisito para registro\u00a0<em>stricto sensu<\/em>.<\/p>\n<p>A jurisprud\u00eancia consolidada e reiterada deste C. Conselho \u00e9 no sentido de que as certid\u00f5es negativas de tributos federais e contribui\u00e7\u00f5es previdenci\u00e1rias, porque n\u00e3o dizem respeito ao fato jur\u00eddico por inscrever, n\u00e3o podem ser exigidas como condi\u00e7\u00e3o para a pr\u00e1tica de ato de registro previsto na Lei n\u00ba 6.015\/1973, art. 167, I. A li\u00e7\u00e3o est\u00e1 recolhida nas Normas de Servi\u00e7o, e vem sendo reiterada nos julgados deste Colegiado. Assim:<\/p>\n<blockquote><p><em>&#8220;Com exce\u00e7\u00e3o do recolhimento do imposto de transmiss\u00e3o e prova de recolhimento do laud\u00eamio, quando devidos, nenhuma exig\u00eancia relativa \u00e0 quita\u00e7\u00e3o de d\u00e9bitos para com a Fazenda P\u00fablica, inclusive quita\u00e7\u00e3o de d\u00e9bitos previdenci\u00e1rios, far\u00e1 o oficial, para o registro de t\u00edtulos particulares, notariais ou judiciais&#8221;\u00a0<\/em>(NSCGJ, Tomo II, Cap\u00edtulo XX, item 117.1).<\/p>\n<p><em>&#8220;Registro de Im\u00f3veis Carta de Adjudica\u00e7\u00e3o Desqualifica\u00e7\u00e3o do t\u00edtulo judicial, exigindo-se certid\u00e3o negativa de d\u00e9bitos (CND) expedida conjuntamente pela Receita Federal e pela Procuradoria Geral da Fazenda Nacional Impossibilidade Item 119.1, do Cap\u00edtulo XX, Tomo II, das NSCGJ Registrador que n\u00e3o pode assumir o papel de fiscal dos tributos n\u00e3o vinculados ao ato registrado D\u00favida improcedente Apela\u00e7\u00e3o provida&#8221;\u00a0<\/em>(Apela\u00e7\u00e3o C\u00edvel n. 1000791-27.2017.8.26.0625, Rel. Des. Geraldo Francisco Pinheiro Franco, j. 15.5.2018, DJe 17.7.2018).&#8221; Consta do voto:\u00a0<em>&#8220;N\u00e3o se justifica a exibi\u00e7\u00e3o de CND (certid\u00f5es negativas de d\u00e9bitos previdenci\u00e1rios e tribut\u00e1rios), diante da contempor\u00e2nea compreens\u00e3o do Colendo Conselho Superior da Magistratura, iluminada por diretriz estabelecida pelo Supremo Tribunal Federal (ADI n. 173-DF e ADI n. 394-STF, rel Min. Joaquim Barbosa, j. 25.9.2008), a dispens\u00e1-la, porquanto a exig\u00eancia, uma vez mantida, prestigiaria vedada san\u00e7\u00e3o pol\u00edtica&#8221;\u00a0<\/em>(Apela\u00e7\u00e3o C\u00edvel n. 0013759-77.2012.8.26.0562, rel. Des. Renato Nalini, j. 17.1.2013; Apela\u00e7\u00e3o C\u00edvel n. 0021311-24.2012.8.26.0100, rel. Des. Renato Nalini, j. 17.1.2013; Apela\u00e7\u00e3o C\u00edvel n. 0013693-47.2012.8.26.0320, rel. Des. Renato Nalini, j. 18.4.2013; Apela\u00e7\u00e3o C\u00edvel n. 9000004-83.2011.8.26.0296, rel. Des. Renato Nalini, j. 26.9.2013; e Apela\u00e7\u00e3o C\u00edvel n. 0002289-35.2013.8.26.0426, rel. Des. Hamilton Elliot Akel, j. 26.8.2014; Apela\u00e7\u00e3o C\u00edvel n. 14803-69.2014.8.26.0269, rel. Manoel de Queiroz Pereira Cal\u00e7as, j. 30.6.2016).\u00a0<em>Sobre o tema, o Supremo Tribunal Federal, em diversas ocasi\u00f5es, j\u00e1 se posicionou pela inconstitucionalidade de atos do Poder P\u00fablico que traduzam exerc\u00edcio abusivo e coercitivo de exig\u00eancia de obriga\u00e7\u00f5es tribut\u00e1rias, inclusive com natureza de contribui\u00e7\u00f5es previdenci\u00e1rias. Tal entendimento se encontra consubstanciado em enunciados da Suprema Corte (S\u00famulas 70, 323 e 547), no sentido de que a imposi\u00e7\u00e3o, pela autoridade fiscal, de restri\u00e7\u00f5es de \u00edndole punitiva, quando motivada tal limita\u00e7\u00e3o pela mera inadimpl\u00eancia do contribuinte, revela-se contr\u00e1ria \u00e0s liberdades p\u00fablicas ora referidas\u00a0<\/em>(RTJ 125\/395, Rel. Min. OCTAVIO GALLOTTI), conforme voto do E. Ministro CELSO DE MELLO<em>: &#8216;O fato irrecus\u00e1vel, nesta mat\u00e9ria, como j\u00e1 evidenciado pela pr\u00f3pria jurisprud\u00eancia desta Suprema Corte, \u00e9 que o Estado n\u00e3o pode valer-se de meios indiretos de coer\u00e7\u00e3o, convertendo-os em instrumentos de acertamento da ela\u00e7\u00e3o tribut\u00e1ria, para, em fun\u00e7\u00e3o deles e mediante interdi\u00e7\u00e3o ou grave restri\u00e7\u00e3o ao exerc\u00edcio da atividade empresarial, econ\u00f4mica ou profissional constranger o contribuinte a adimplir obriga\u00e7\u00f5es fiscais eventualmente em atraso&#8217;\u00a0<\/em>(STF, RE 666405\/RS).\u00a0<em>Na situa\u00e7\u00e3o em apre\u00e7o, a confirma\u00e7\u00e3o da exig\u00eancia representa indevida restri\u00e7\u00e3o ao acesso de t\u00edtulo \u00e0 t\u00e1bua registral, imposta como forma obl\u00edqua e instrumentalizada para, ao arrepio e distante do devido processo legal, for\u00e7ar o contribuinte ao pagamento de tributos. Caracteriza, em s\u00edntese, limita\u00e7\u00e3o a interesses privados em desacordo com a orienta\u00e7\u00e3o do E. STF, \u00e0 qual se alinha este Colendo Conselho Superior da Magistratura, mascarando uma cobran\u00e7a por quem n\u00e3o \u00e9 a autoridade competente, sem observ\u00e2ncia do procedimento adequado \u00e0 defesa dos direitos do contribuinte, em atividade estranha \u00e0 fiscaliza\u00e7\u00e3o que lhe foi cometida, certo que as obriga\u00e7\u00f5es tribut\u00e1rias em foco n\u00e3o decorrem do ato registral buscado. Segundo li\u00e7\u00e3o de Humberto \u00c1vila, &#8216;a cobran\u00e7a de tributos \u00e9 atividade vinculada procedimentalmente pelo devido processo legal, passando a importar quem pratica o ato administrativo,\u00a0<\/em>como e\u00a0<em>dentro de que limites o faz, mesmo que &#8211; e isto \u00e9 essencial &#8211; n\u00e3o haja regra expressa ou a que seja prevista estabele\u00e7a o contr\u00e1rio&#8217;\u00a0<\/em>(Sistema Constitucional Tribut\u00e1rio, 5\u00aa. Ed., S\u00e3o Paulo. Saraiva, 2012, p. 173)&#8221;.<\/p>\n<p><em>&#8220;REGISTRO DE IM\u00d3VEIS. Escritura de compra e venda CND da Receita Federal &#8211; Exig\u00eancia afastada, conforme atual orienta\u00e7\u00e3o do CNJ, do CSM e nos termos das NSCGJ &#8211; Penhoras promovidas em execu\u00e7\u00f5es fiscais ajuizadas pela Fazenda Nacional &#8211; Documentos apresentados para o registro que somente autorizam o cancelamento da averba\u00e7\u00e3o de uma dessas penhoras &#8211; Impedimento para o registro \u2013 D\u00favida procedente Recurso n\u00e3o provido\u00a0<\/em>(Apela\u00e7\u00e3o C\u00edvel n. 1056244-85.2017.8.26.0114, Rel. Des. Geraldo Francisco Pinheiro Franco, j. 28.6.2018, DJe 18.3.2019).&#8221; Consta do voto:<\/p>\n<p><em>\u201cO tema objeto do debate n\u00e3o \u00e9 novo. Tampouco existe unanimidade na doutrina quanto \u00e0 possibilidade de afastamento dessa exig\u00eancia pela via administrativa. Nada obstante, s\u00e3o diversos os precedentes deste E. Conselho Superior da Magistratura quanto \u00e0 inexigibilidade da certid\u00e3o negativa de tributos federais (CND) para ingresso de t\u00edtulos no registro de im\u00f3veis. De fato, a exig\u00eancia da CND pode configurar forma heterodoxa e at\u00edpica de exigibilidade de d\u00e9bitos tribut\u00e1rios, sem o devido processo legal, em afronta \u00e0 Constitui\u00e7\u00e3o Federal, por traduzir verdadeira san\u00e7\u00e3o pol\u00edtica ao jurisdicionado. O pr\u00f3prio Supremo Tribunal Federal, em diversas ocasi\u00f5es, j\u00e1 se posicionou pela inconstitucionalidade de atos do Poder P\u00fablico que traduzam exerc\u00edcio coercitivo de exig\u00eancia de obriga\u00e7\u00f5es tribut\u00e1rias, inclusive com natureza de contribui\u00e7\u00f5es previdenci\u00e1rias. [&#8230;]. A doutrina se posiciona no mesmo sentido quanto \u00e0 impossibilidade de cobran\u00e7a at\u00edpica, feita em ofensa ao due process of law: &#8216;Em Direito Tribut\u00e1rio a express\u00e3o san\u00e7\u00f5es pol\u00edticas corresponde a restri\u00e7\u00f5es ou proibi\u00e7\u00f5es impostas ao contribuinte, como forma indireta de obrig\u00e1-lo ao pagamento do tributo, tais como a interdi\u00e7\u00e3o do estabelecimento, a apreens\u00e3o de mercadorias, o regime especial de fiscaliza\u00e7\u00e3o, entre outras. Qualquer que seja a restri\u00e7\u00e3o que implique cerceamento da liberdade de exercer atividade l\u00edcita \u00e9 inconstitucional, porque contraria o disposto nos artigos 5\u00ba, inciso XIII, e 170, par\u00e1grafo \u00fanico, do Estatuto Maior do Pa\u00eds. (&#8230;) S\u00e3o exemplos mais comuns de san\u00e7\u00f5es pol\u00edticas a apreens\u00e3o de mercadorias sem que a presen\u00e7a f\u00edsica destas seja necess\u00e1ria para a comprova\u00e7\u00e3o do que o fisco aponta como il\u00edcito; o denominado regime especial de fiscaliza\u00e7\u00e3o; a recusa de autoriza\u00e7\u00e3o para imprimir notas fiscais; a inscri\u00e7\u00e3o em cadastro de inadimplentes com as restri\u00e7\u00f5es da\u00ed decorrentes; a recusa de certid\u00e3o negativa de d\u00e9bito quando n\u00e3o existe lan\u00e7amento consumado contra o contribuinte; a suspens\u00e3o e at\u00e9 o cancelamento da inscri\u00e7\u00e3o do contribuinte no respectivo cadastro, entre muitos outros. Todas essas pr\u00e1ticas s\u00e3o flagrantemente inconstitucionais, entre outras raz\u00f5es, porque: a) implicam indevida restri\u00e7\u00e3o ao direito de exercer atividade econ\u00f4mica, independentemente de autoriza\u00e7\u00e3o de \u00f3rg\u00e3os p\u00fablicos, assegurado pelo art. 170, par\u00e1grafo \u00fanico, da vigente Constitui\u00e7\u00e3o Federal; e b) configuram cobran\u00e7a sem o devido processo legal, com grave viola\u00e7\u00e3o do direito de defesa do contribuinte, porque a autoridade que a este imp\u00f5e a restri\u00e7\u00e3o n\u00e3o \u00e9 a autoridade competente para apreciar se a exig\u00eancia \u00e9 ou n\u00e3o legal&#8217;.&#8221;\u00a0<\/em>(MACHADO, Hugo de Brito, San\u00e7\u00f5es Pol\u00edticas no Direito Tribut\u00e1rio, Revista Dial\u00e9tica e Direito Tribut\u00e1rio n. 30, p. 46\/47).<\/p><\/blockquote>\n<p>Ademais, tamb\u00e9m j\u00e1 decidiu o C. Conselho Nacional de Justi\u00e7a:<\/p>\n<blockquote><p><em>&#8220;\u00c9 inconstitucional restri\u00e7\u00e3o imposta pelo Estado ao livre exerc\u00edcio de atividade econ\u00f4mica ou profissional, quando aquelas forem utilizadas como meio de cobran\u00e7a indireta de tributos&#8221;\u00a0<\/em>(Pedido de Provid\u00eancias n. 0001230-82.2015.2.00.0000, j. 16.9.2017, DJ 16.9.2017).<\/p><\/blockquote>\n<p>Ante o exposto, pelo meu voto,\u00a0<strong>dou provimento\u00a0<\/strong>\u00e0 apela\u00e7\u00e3o, a fim de que se proceda ao registro pretendido.<\/p>\n<p><strong>FERNANDO ANTONIO TORRES GARCIA<\/strong><\/p>\n<p><strong>Corregedor Geral da Justi\u00e7a<\/strong><\/p>\n<p><strong>Relator<\/strong><\/p>\n<p>(DJe de 19.04.2023 \u2013 SP)<\/p>\n<div id=\"acfifjfajpekbmhmjppnmmjgmhjkildl\" class=\"acfifjfajpekbmhmjppnmmjgmhjkildl\"><\/div>\n","protected":false},"excerpt":{"rendered":"<p>AC\u00d3RD\u00c3O Vistos, relatados e discutidos estes autos de\u00a0Apela\u00e7\u00e3o C\u00edvel n\u00ba 1048932-19.2021.8.26.0114, da Comarca de\u00a0Campinas, em que \u00e9 apelante\u00a0PINE ENTRE VERDES EMPREENDIMENTO IMOBILI\u00c1RIO SPE LTDA, \u00e9 apelado\u00a04\u00ba OFICIAL DE REGISTRO DE IM\u00d3VEIS DA COMARCA DE CAMPINAS. ACORDAM,\u00a0em Conselho Superior da Magistratura do Tribunal de Justi\u00e7a de S\u00e3o Paulo, proferir a seguinte decis\u00e3o:\u00a0&#8220;Deram provimento, v.u.&#8221;, de conformidade [&hellip;]<\/p>\n","protected":false},"author":4,"featured_media":0,"comment_status":"open","ping_status":"open","sticky":false,"template":"","format":"standard","meta":{"footnotes":""},"categories":[37],"tags":[],"class_list":["post-17979","post","type-post","status-publish","format-standard","hentry","category-csm-sao-paulo"],"_links":{"self":[{"href":"https:\/\/www.26notas.com.br\/blog\/index.php?rest_route=\/wp\/v2\/posts\/17979","targetHints":{"allow":["GET"]}}],"collection":[{"href":"https:\/\/www.26notas.com.br\/blog\/index.php?rest_route=\/wp\/v2\/posts"}],"about":[{"href":"https:\/\/www.26notas.com.br\/blog\/index.php?rest_route=\/wp\/v2\/types\/post"}],"author":[{"embeddable":true,"href":"https:\/\/www.26notas.com.br\/blog\/index.php?rest_route=\/wp\/v2\/users\/4"}],"replies":[{"embeddable":true,"href":"https:\/\/www.26notas.com.br\/blog\/index.php?rest_route=%2Fwp%2Fv2%2Fcomments&post=17979"}],"version-history":[{"count":1,"href":"https:\/\/www.26notas.com.br\/blog\/index.php?rest_route=\/wp\/v2\/posts\/17979\/revisions"}],"predecessor-version":[{"id":17980,"href":"https:\/\/www.26notas.com.br\/blog\/index.php?rest_route=\/wp\/v2\/posts\/17979\/revisions\/17980"}],"wp:attachment":[{"href":"https:\/\/www.26notas.com.br\/blog\/index.php?rest_route=%2Fwp%2Fv2%2Fmedia&parent=17979"}],"wp:term":[{"taxonomy":"category","embeddable":true,"href":"https:\/\/www.26notas.com.br\/blog\/index.php?rest_route=%2Fwp%2Fv2%2Fcategories&post=17979"},{"taxonomy":"post_tag","embeddable":true,"href":"https:\/\/www.26notas.com.br\/blog\/index.php?rest_route=%2Fwp%2Fv2%2Ftags&post=17979"}],"curies":[{"name":"wp","href":"https:\/\/api.w.org\/{rel}","templated":true}]}}